{"id":481,"date":"2020-05-11T11:10:09","date_gmt":"2020-05-11T16:10:09","guid":{"rendered":"https:\/\/www.blog.business-and-growth.com\/?p=481"},"modified":"2020-06-07T09:15:47","modified_gmt":"2020-06-07T14:15:47","slug":"las-crisis-recientes-son-una-crisis-del-capitalismo-moderno","status":"publish","type":"post","link":"https:\/\/www.blog.business-and-growth.com\/index.php\/2020\/05\/11\/las-crisis-recientes-son-una-crisis-del-capitalismo-moderno\/","title":{"rendered":"\u00bfLas crisis recientes, son una crisis del capitalismo moderno?"},"content":{"rendered":"<p style=\"text-align: justify;\"><span style=\"font-family: helvetica, arial, sans-serif; font-size: 20px; color: #12487c;\">Algunos de los grandes eventos de lo que hoy conocemos como la globalizaci\u00f3n son, sin duda, la apertura comercial y la desregulaci\u00f3n de los mercados financieros.<\/span><\/p>\n<p><em><span style=\"font-family: helvetica, arial, sans-serif;\"><strong><img decoding=\"async\" loading=\"lazy\" class=\"alignnone size-thumbnail wp-image-439\" src=\"https:\/\/www.blog.business-and-growth.com\/wp-content\/uploads\/2020\/05\/4-150x150.png\" alt=\"\" width=\"150\" height=\"150\">Dr. Benjam\u00edn Garc\u00eda Mart\u00ednez<\/strong> 11 Mayo 2020<\/span><\/em><\/p>\n<p style=\"text-align: justify;\"><span style=\"font-family: helvetica, arial, sans-serif; font-size: 20px;\">Esto fue posible por el gran desarrollo e innovaci\u00f3n tecnol\u00f3gica de las telecomunicaciones y la reducci\u00f3n de los costos de transporte.<\/span><\/p>\n<p style=\"text-align: justify;\"><span style=\"font-family: helvetica, arial, sans-serif; font-size: 20px;\">A la par, los pa\u00edses iniciaron las reformas \u201cestructurales\u201d asociadas a una fuerte ola de privatizaciones y desregulaci\u00f3n en todos los \u00e1mbitos de la Econom\u00eda: a) el sistema de pensiones, b) la educaci\u00f3n, c) la salud, d) la producci\u00f3n de energ\u00eda y, e) el marcado laboral.<\/span><\/p>\n<p style=\"text-align: justify;\"><span style=\"font-family: helvetica, arial, sans-serif; font-size: 20px;\">El Mercado se erig\u00eda as\u00ed, como el mejor camino para apuntalar el crecimiento y su financiamiento sin grandes d\u00e9ficits presupuestales y relegando la Pol\u00edtica Econ\u00f3mica a asegurar la estabilidad financiera que se requer\u00eda.<\/span><\/p>\n<p style=\"text-align: justify;\"><span style=\"font-family: helvetica, arial, sans-serif; font-size: 20px;\">Este proceso apuntal\u00f3 el fuerte movimiento de flujos de capital internacional y la inclusi\u00f3n de nuevos jugadores en la intermediaci\u00f3n bancaria y financiera y la consolidaci\u00f3n de nuevos mercados burs\u00e1tiles y nuevos productos financieros, ahora asociados a la expansi\u00f3n del cr\u00e9dito.<\/span><\/p>\n<p style=\"text-align: justify;\"><span style=\"font-family: helvetica, arial, sans-serif; font-size: 20px;\">La expansi\u00f3n del cr\u00e9dito y la disminuci\u00f3n de las tasas objetivo proveer\u00eda una gran liquidez en los mercados, lo que anticipaba el acceso al capital para las grandes inversiones que se producir\u00edan consolidando cadenas productivas globales en sectores estrat\u00e9gicos, ahora gobernados por grandes empresas multinacionales.<\/span><\/p>\n<p style=\"text-align: justify;\"><span style=\"font-family: helvetica, arial, sans-serif; font-size: 20px;\">Esta promesa, sin embargo, se vio empa\u00f1ada por las crisis financieras, principalmente en los pa\u00edses emergentes.<\/span><\/p>\n<p style=\"text-align: justify;\"><span style=\"font-family: helvetica, arial, sans-serif; font-size: 20px;\">Las crisis financieras pusieron de manifiesto que el marco conceptual y pr\u00e1ctico de la Teor\u00eda Econ\u00f3mica y, los fundamentos de la regulaci\u00f3n financiera y los responsables de su aplicaci\u00f3n fueran, una y otra vez, rebasado por la din\u00e1mica del mercado.<\/span><\/p>\n<p style=\"text-align: justify;\"><span style=\"font-family: helvetica, arial, sans-serif; font-size: 20px;\">Los modelos bajo los cuales se constru\u00edan los elementos de la regulaci\u00f3n y supervisi\u00f3n de la operaci\u00f3n de la intermediaci\u00f3n financiera, asum\u00edan que los mercados se autorregulaban y solo bastaba con establecer los l\u00edmites de exposici\u00f3n al riesgo y mantener reservas para enfrentar los posibles resultados adversos.<\/span><\/p>\n<p style=\"text-align: justify;\"><span style=\"font-family: helvetica, arial, sans-serif; font-size: 20px;\">La incorporaci\u00f3n de la Banca y diferentes instituciones de cr\u00e9dito a la compra-venta de valores burs\u00e1tiles y operaciones con Derivados financieros, las expuso al riesgo de mercado afectando sus operaciones de cr\u00e9dito fuertemente apalancadas, lo que en una situaci\u00f3n adversa afectar\u00eda todo el sistema de pagos en su conjunto.<\/span><\/p>\n<p style=\"text-align: justify;\"><span style=\"font-family: helvetica, arial, sans-serif; font-size: 20px;\">En este contexto, tal vez hoy sea necesario replantear las viejas recetas para combatir estas crisis (cuando ya no solo afectan a los pa\u00edses emergentes, sino a quienes detentar el poder de una expansi\u00f3n en medios de pago internacionales) con nuevas oleadas de expansi\u00f3n del cr\u00e9dito y est\u00edmulos fiscales al Capital como garant\u00eda de la recuperaci\u00f3n y el crecimiento. Hay que considerar que, son precisamente estas pr\u00e1cticas las que nos han llevado a donde estamos.<\/span><\/p>\n<p style=\"text-align: justify;\"><span style=\"font-family: helvetica, arial, sans-serif; font-size: 20px;\">El mundo esta globalizado, pero esta inmerso en una creciente desigualdad en la distribuci\u00f3n de la riqueza que se produce, entre naciones, entre sectores, entre empresas y entre las personas.<\/span><\/p>\n<p style=\"text-align: justify;\"><span style=\"font-family: helvetica, arial, sans-serif; font-size: 20px;\">Las pol\u00edticas fiscales hoy necesarias, no solo deben enfrentar la recesi\u00f3n, sino el combate de estas desigualdades y una vigilancia adecuada en la expansi\u00f3n del cr\u00e9dito, que deje de beneficiar solo a los intermediarios financieros y al gran capital que hoy se mueve f\u00e1cilmente en el mundo.<\/span><\/p>\n<p><span style=\"color: #12487c;\"><strong><span class=\"gI\"><span class=\"qu\" tabindex=\"-1\" role=\"gridcell\"><span class=\"go\">bgarcia@business-growth.mitmx.net<\/span><\/span><\/span><\/strong><\/span><\/p>\n","protected":false},"excerpt":{"rendered":"<p>Algunos de los grandes eventos de lo que hoy conocemos como la globalizaci\u00f3n son, sin duda, la apertura comercial y la desregulaci\u00f3n de los mercados financieros. Dr. Benjam\u00edn Garc\u00eda Mart\u00ednez 11 Mayo 2020 Esto fue posible por el gran desarrollo e innovaci\u00f3n tecnol\u00f3gica de las telecomunicaciones y la reducci\u00f3n de los costos de transporte. A [&hellip;]<\/p>\n","protected":false},"author":2,"featured_media":482,"comment_status":"open","ping_status":"open","sticky":false,"template":"","format":"standard","meta":{"spay_email":"","jetpack_publicize_message":"","jetpack_is_tweetstorm":false},"categories":[8],"tags":[],"jetpack_featured_media_url":"https:\/\/www.blog.business-and-growth.com\/wp-content\/uploads\/2020\/05\/stock-exchange-4880802_1920.jpg","jetpack_publicize_connections":[],"yoast_head":"<!-- This site is optimized with the Yoast SEO plugin v15.5 - https:\/\/yoast.com\/wordpress\/plugins\/seo\/ -->\n<title>\u00bfLas crisis recientes, son una crisis del capitalismo moderno? - Publicaciones B&amp;G<\/title>\n<meta name=\"description\" content=\"Producci\u00f3n de articulos y ensayos B&amp;G.\" \/>\n<meta name=\"robots\" content=\"index, follow, max-snippet:-1, max-image-preview:large, max-video-preview:-1\" \/>\n<link rel=\"canonical\" href=\"https:\/\/www.blog.business-and-growth.com\/index.php\/2020\/05\/11\/las-crisis-recientes-son-una-crisis-del-capitalismo-moderno\/\" \/>\n<meta property=\"og:locale\" content=\"es_ES\" \/>\n<meta property=\"og:type\" content=\"article\" \/>\n<meta property=\"og:title\" content=\"\u00bfLas crisis recientes, son una crisis del capitalismo moderno? - Publicaciones B&amp;G\" \/>\n<meta property=\"og:description\" content=\"Producci\u00f3n de articulos y ensayos B&amp;G.\" \/>\n<meta property=\"og:url\" content=\"https:\/\/www.blog.business-and-growth.com\/index.php\/2020\/05\/11\/las-crisis-recientes-son-una-crisis-del-capitalismo-moderno\/\" \/>\n<meta property=\"og:site_name\" content=\"Publicaciones B&amp;G\" \/>\n<meta property=\"article:published_time\" content=\"2020-05-11T16:10:09+00:00\" \/>\n<meta property=\"article:modified_time\" content=\"2020-06-07T14:15:47+00:00\" \/>\n<meta property=\"og:image\" content=\"https:\/\/www.blog.business-and-growth.com\/wp-content\/uploads\/2020\/05\/stock-exchange-4880802_1920.jpg\" \/>\n\t<meta property=\"og:image:width\" content=\"1920\" \/>\n\t<meta property=\"og:image:height\" content=\"1369\" \/>\n<meta name=\"twitter:card\" content=\"summary_large_image\" \/>\n<meta name=\"twitter:label1\" content=\"Est. reading time\">\n\t<meta name=\"twitter:data1\" content=\"2 minutes\">\n<script type=\"application\/ld+json\" class=\"yoast-schema-graph\">{\"@context\":\"https:\/\/schema.org\",\"@graph\":[{\"@type\":\"Organization\",\"@id\":\"https:\/\/www.blog.business-and-growth.com\/#organization\",\"name\":\"Business & Growth\",\"url\":\"https:\/\/www.blog.business-and-growth.com\/\",\"sameAs\":[],\"logo\":{\"@type\":\"ImageObject\",\"@id\":\"https:\/\/www.blog.business-and-growth.com\/#logo\",\"inLanguage\":\"es-ES\",\"url\":\"https:\/\/www.blog.business-and-growth.com\/wp-content\/uploads\/2020\/02\/bg-1.png\",\"width\":512,\"height\":512,\"caption\":\"Business & Growth\"},\"image\":{\"@id\":\"https:\/\/www.blog.business-and-growth.com\/#logo\"}},{\"@type\":\"WebSite\",\"@id\":\"https:\/\/www.blog.business-and-growth.com\/#website\",\"url\":\"https:\/\/www.blog.business-and-growth.com\/\",\"name\":\"Publicaciones B&amp;G\",\"description\":\"Producci\\u00f3n de articulos y ensayos B&amp;G\",\"publisher\":{\"@id\":\"https:\/\/www.blog.business-and-growth.com\/#organization\"},\"potentialAction\":[{\"@type\":\"SearchAction\",\"target\":\"https:\/\/www.blog.business-and-growth.com\/?s={search_term_string}\",\"query-input\":\"required name=search_term_string\"}],\"inLanguage\":\"es-ES\"},{\"@type\":\"ImageObject\",\"@id\":\"https:\/\/www.blog.business-and-growth.com\/index.php\/2020\/05\/11\/las-crisis-recientes-son-una-crisis-del-capitalismo-moderno\/#primaryimage\",\"inLanguage\":\"es-ES\",\"url\":\"https:\/\/www.blog.business-and-growth.com\/wp-content\/uploads\/2020\/05\/stock-exchange-4880802_1920.jpg\",\"width\":1920,\"height\":1369},{\"@type\":\"WebPage\",\"@id\":\"https:\/\/www.blog.business-and-growth.com\/index.php\/2020\/05\/11\/las-crisis-recientes-son-una-crisis-del-capitalismo-moderno\/#webpage\",\"url\":\"https:\/\/www.blog.business-and-growth.com\/index.php\/2020\/05\/11\/las-crisis-recientes-son-una-crisis-del-capitalismo-moderno\/\",\"name\":\"\\u00bfLas crisis recientes, son una crisis del capitalismo moderno? - Publicaciones B&amp;G\",\"isPartOf\":{\"@id\":\"https:\/\/www.blog.business-and-growth.com\/#website\"},\"primaryImageOfPage\":{\"@id\":\"https:\/\/www.blog.business-and-growth.com\/index.php\/2020\/05\/11\/las-crisis-recientes-son-una-crisis-del-capitalismo-moderno\/#primaryimage\"},\"datePublished\":\"2020-05-11T16:10:09+00:00\",\"dateModified\":\"2020-06-07T14:15:47+00:00\",\"description\":\"Producci\\u00f3n de articulos y ensayos B&G.\",\"inLanguage\":\"es-ES\",\"potentialAction\":[{\"@type\":\"ReadAction\",\"target\":[\"https:\/\/www.blog.business-and-growth.com\/index.php\/2020\/05\/11\/las-crisis-recientes-son-una-crisis-del-capitalismo-moderno\/\"]}]},{\"@type\":\"Article\",\"@id\":\"https:\/\/www.blog.business-and-growth.com\/index.php\/2020\/05\/11\/las-crisis-recientes-son-una-crisis-del-capitalismo-moderno\/#article\",\"isPartOf\":{\"@id\":\"https:\/\/www.blog.business-and-growth.com\/index.php\/2020\/05\/11\/las-crisis-recientes-son-una-crisis-del-capitalismo-moderno\/#webpage\"},\"author\":{\"@id\":\"https:\/\/www.blog.business-and-growth.com\/#\/schema\/person\/d3f5946ae5cd1e4f7e3ae1f140522d06\"},\"headline\":\"\\u00bfLas crisis recientes, son una crisis del capitalismo moderno?\",\"datePublished\":\"2020-05-11T16:10:09+00:00\",\"dateModified\":\"2020-06-07T14:15:47+00:00\",\"mainEntityOfPage\":{\"@id\":\"https:\/\/www.blog.business-and-growth.com\/index.php\/2020\/05\/11\/las-crisis-recientes-son-una-crisis-del-capitalismo-moderno\/#webpage\"},\"commentCount\":0,\"publisher\":{\"@id\":\"https:\/\/www.blog.business-and-growth.com\/#organization\"},\"image\":{\"@id\":\"https:\/\/www.blog.business-and-growth.com\/index.php\/2020\/05\/11\/las-crisis-recientes-son-una-crisis-del-capitalismo-moderno\/#primaryimage\"},\"articleSection\":\"Articulos\",\"inLanguage\":\"es-ES\",\"potentialAction\":[{\"@type\":\"CommentAction\",\"name\":\"Comment\",\"target\":[\"https:\/\/www.blog.business-and-growth.com\/index.php\/2020\/05\/11\/las-crisis-recientes-son-una-crisis-del-capitalismo-moderno\/#respond\"]}]},{\"@type\":\"Person\",\"@id\":\"https:\/\/www.blog.business-and-growth.com\/#\/schema\/person\/d3f5946ae5cd1e4f7e3ae1f140522d06\",\"name\":\"Roberto Ort\\u00edz\",\"image\":{\"@type\":\"ImageObject\",\"@id\":\"https:\/\/www.blog.business-and-growth.com\/#personlogo\",\"inLanguage\":\"es-ES\",\"url\":\"https:\/\/secure.gravatar.com\/avatar\/3a23916a40edfc78329439197bcd386c?s=96&d=mm&r=g\",\"caption\":\"Roberto Ort\\u00edz\"}}]}<\/script>\n<!-- \/ Yoast SEO plugin. -->","jetpack_sharing_enabled":true,"jetpack_likes_enabled":true,"_links":{"self":[{"href":"https:\/\/www.blog.business-and-growth.com\/index.php\/wp-json\/wp\/v2\/posts\/481"}],"collection":[{"href":"https:\/\/www.blog.business-and-growth.com\/index.php\/wp-json\/wp\/v2\/posts"}],"about":[{"href":"https:\/\/www.blog.business-and-growth.com\/index.php\/wp-json\/wp\/v2\/types\/post"}],"author":[{"embeddable":true,"href":"https:\/\/www.blog.business-and-growth.com\/index.php\/wp-json\/wp\/v2\/users\/2"}],"replies":[{"embeddable":true,"href":"https:\/\/www.blog.business-and-growth.com\/index.php\/wp-json\/wp\/v2\/comments?post=481"}],"version-history":[{"count":4,"href":"https:\/\/www.blog.business-and-growth.com\/index.php\/wp-json\/wp\/v2\/posts\/481\/revisions"}],"predecessor-version":[{"id":655,"href":"https:\/\/www.blog.business-and-growth.com\/index.php\/wp-json\/wp\/v2\/posts\/481\/revisions\/655"}],"wp:featuredmedia":[{"embeddable":true,"href":"https:\/\/www.blog.business-and-growth.com\/index.php\/wp-json\/wp\/v2\/media\/482"}],"wp:attachment":[{"href":"https:\/\/www.blog.business-and-growth.com\/index.php\/wp-json\/wp\/v2\/media?parent=481"}],"wp:term":[{"taxonomy":"category","embeddable":true,"href":"https:\/\/www.blog.business-and-growth.com\/index.php\/wp-json\/wp\/v2\/categories?post=481"},{"taxonomy":"post_tag","embeddable":true,"href":"https:\/\/www.blog.business-and-growth.com\/index.php\/wp-json\/wp\/v2\/tags?post=481"}],"curies":[{"name":"wp","href":"https:\/\/api.w.org\/{rel}","templated":true}]}}