{"id":1615,"date":"2022-10-28T11:18:53","date_gmt":"2022-10-28T16:18:53","guid":{"rendered":"https:\/\/www.blog.business-and-growth.com\/?p=1615"},"modified":"2022-11-08T18:06:41","modified_gmt":"2022-11-08T23:06:41","slug":"elementor-1615","status":"publish","type":"post","link":"https:\/\/www.blog.business-and-growth.com\/index.php\/2022\/10\/28\/elementor-1615\/","title":{"rendered":"\u00bfDesglobalizaci\u00f3n o Regionalizaci\u00f3n? Hacia d\u00f3nde navegan los pa\u00edses en v\u00edas de desarrollo"},"content":{"rendered":"<p><img decoding=\"async\" width=\"150\" height=\"150\" src=\"https:\/\/www.blog.business-and-growth.com\/wp-content\/uploads\/2022\/08\/Foto-Dr-Benjamin-1-150x150.png\" alt=\"Asesor 1 Certificaci\u00f3n CFA Nivel 1\" loading=\"lazy\" srcset=\"https:\/\/www.blog.business-and-growth.com\/wp-content\/uploads\/2022\/08\/Foto-Dr-Benjamin-1-150x150.png 150w, https:\/\/www.blog.business-and-growth.com\/wp-content\/uploads\/2022\/08\/Foto-Dr-Benjamin-1-300x300.png 300w, https:\/\/www.blog.business-and-growth.com\/wp-content\/uploads\/2022\/08\/Foto-Dr-Benjamin-1-410x410.png 410w, https:\/\/www.blog.business-and-growth.com\/wp-content\/uploads\/2022\/08\/Foto-Dr-Benjamin-1-100x100.png 100w, https:\/\/www.blog.business-and-growth.com\/wp-content\/uploads\/2022\/08\/Foto-Dr-Benjamin-1-275x275.png 275w, https:\/\/www.blog.business-and-growth.com\/wp-content\/uploads\/2022\/08\/Foto-Dr-Benjamin-1.png 500w\" sizes=\"(max-width: 150px) 100vw, 150px\"><\/p>\n<p style=\"text-align: center;\">Dr. Benjam\u00edn Garc\u00eda&nbsp;<\/p>\n<p style=\"text-align: justify; text-indent: 35.4pt;\">Se dice que la Econom\u00eda mundial parece haber comenzado el camino a la desglobalizaci\u00f3n. Es decir, un proceso de disminuci\u00f3n de la interdependencia e integraci\u00f3n expresado en la conformaci\u00f3n de cadenas de producci\u00f3n globales, que hoy se ven afectadas o interrumpidas, afectando no solo el nivel del comercio internacional, sino de la actividad econ\u00f3mica y el precio de las principales materias primas.<\/p>\n<p style=\"text-align: justify; text-indent: 35.4pt;\">El proteccionismo y la imposici\u00f3n de sanciones econ\u00f3micas y restricciones al comercio y a los flujos de inversi\u00f3n internacional desde el mundo desarrollado, se ve agravado, por la congelaci\u00f3n de activos de reserva internacional en Bancos centrales de los pa\u00edses de Occidente contra aquellos a quienes consideran act\u00faan contrario a sus intereses.<\/p>\n<p style=\"text-align: justify; text-indent: 35.4pt;\">La interdependencia tomar\u00e1 otra forma. Esto tiene que ver con la conformaci\u00f3n de bloques regionales asociados al cambio en los patrones de comercio y flujos de inversi\u00f3n internacional. Relocalizar las plantas de producci\u00f3n, no solo depender\u00e1 de intereses pol\u00edticos, sino de los intereses econ\u00f3micos de las empresas multinacionales y de la disponibilidad de infraestructura de los pa\u00edses (energ\u00eda, transporte, servicios y disponibilidad de recursos) hacia donde se pueden dirigir.<\/p>\n<p style=\"text-align: justify; text-indent: 35.4pt;\">Los grandes centros del desarrollo y el crecimiento econ\u00f3mico mundial son quienes, en virtud de su poder pol\u00edtico y econ\u00f3mico, buscar\u00e1n reducir su dependencia o interdependencia en los flujos de comercio, de inversi\u00f3n productiva y de los flujos financieros en los mercados de capitales globales.<\/p>\n<p style=\"text-align: justify; text-indent: 35.4pt;\">La regionalizaci\u00f3n y relocalizaci\u00f3n de los centros de desarrollo tendr\u00e1, sin duda, un impacto en el mundo en desarrollo y deber\u00e1 ser gestionada, m\u00e1s en t\u00e9rminos de asegurar su desarrollo y evitar la forma entreguista y subordinada que ha tomado y que termina favoreciendo solo a algunas empresas nacionales y a pol\u00edticos corruptos.<\/p>\n<p style=\"text-align: justify;\">&nbsp;&nbsp;&nbsp;&nbsp;&nbsp;&nbsp;&nbsp;&nbsp;&nbsp;&nbsp;&nbsp;&nbsp;&nbsp;&nbsp;&nbsp; La forma en que los pa\u00edses en desarrollo (o del mundo subdesarrollado) se integraron el proceso de globalizaci\u00f3n, crearon fuertes lazos de dependencia y enormes desigualdades regionales y de la distribuci\u00f3n del ingreso y la riqueza en sus pa\u00edses.<\/p>\n<p style=\"text-indent: 35.4pt;\">Lo anterior podr\u00eda cambiar con la regulaci\u00f3n y gesti\u00f3n adecuada, dando prioridad a los intereses nacionales para lograr crecimiento sostenible, evitando las exenciones fiscales y legislaci\u00f3n laxa del manejo y explotaci\u00f3n de los recursos de nuestras naciones por parte de empresas multinacionales, es decir, se requiere reconsiderar la base de la actual forma de negociaci\u00f3n e integraci\u00f3n. Estos temas deber\u00e1n estar en el centro de la discusi\u00f3n de esta nueva fase de integraci\u00f3n mundial, sin filias ni fobias e intereses mezquinos.<\/p>\n","protected":false},"excerpt":{"rendered":"<p>\u00bfQue significa la deglobalizacion?\u00bfes posible? Te invitamos a debatir sobre ello en el siguiente art\u00edculo de opini\u00f3n del Dr. Benjam\u00edn Garc\u00eda. <\/p>\n","protected":false},"author":5,"featured_media":1625,"comment_status":"closed","ping_status":"closed","sticky":true,"template":"","format":"standard","meta":{"spay_email":"","jetpack_publicize_message":"","jetpack_is_tweetstorm":false},"categories":[8],"tags":[],"jetpack_featured_media_url":"https:\/\/www.blog.business-and-growth.com\/wp-content\/uploads\/2022\/10\/Integracion-economica.png","jetpack_publicize_connections":[],"yoast_head":"<!-- This site is optimized with the Yoast SEO plugin v15.5 - https:\/\/yoast.com\/wordpress\/plugins\/seo\/ -->\n<title>\u00bfDesglobalizaci\u00f3n o Regionalizaci\u00f3n? Hacia d\u00f3nde navegan los pa\u00edses en v\u00edas de desarrollo - Publicaciones B&amp;G<\/title>\n<meta name=\"description\" content=\"Producci\u00f3n de articulos y ensayos B&amp;G.\" \/>\n<meta name=\"robots\" content=\"index, follow, max-snippet:-1, max-image-preview:large, max-video-preview:-1\" \/>\n<link rel=\"canonical\" href=\"https:\/\/www.blog.business-and-growth.com\/index.php\/2022\/10\/28\/elementor-1615\/\" \/>\n<meta property=\"og:locale\" content=\"es_ES\" \/>\n<meta property=\"og:type\" content=\"article\" \/>\n<meta property=\"og:title\" content=\"\u00bfDesglobalizaci\u00f3n o Regionalizaci\u00f3n? Hacia d\u00f3nde navegan los pa\u00edses en v\u00edas de desarrollo - Publicaciones B&amp;G\" \/>\n<meta property=\"og:description\" content=\"Producci\u00f3n de articulos y ensayos B&amp;G.\" \/>\n<meta property=\"og:url\" content=\"https:\/\/www.blog.business-and-growth.com\/index.php\/2022\/10\/28\/elementor-1615\/\" \/>\n<meta property=\"og:site_name\" content=\"Publicaciones B&amp;G\" \/>\n<meta property=\"article:author\" content=\"https:\/\/www.facebook.com\/BusinessGrowthSC\/\" \/>\n<meta property=\"article:published_time\" content=\"2022-10-28T16:18:53+00:00\" \/>\n<meta property=\"article:modified_time\" content=\"2022-11-08T23:06:41+00:00\" \/>\n<meta property=\"og:image\" content=\"https:\/\/www.blog.business-and-growth.com\/wp-content\/uploads\/2022\/10\/Integracion-economica.png\" \/>\n\t<meta property=\"og:image:width\" content=\"1024\" \/>\n\t<meta property=\"og:image:height\" content=\"768\" \/>\n<meta name=\"twitter:card\" content=\"summary_large_image\" \/>\n<meta name=\"twitter:creator\" content=\"@https:\/\/twitter.com\/EducacionGrowth\" \/>\n<meta name=\"twitter:label1\" content=\"Est. reading time\">\n\t<meta name=\"twitter:data1\" content=\"2 minutes\">\n<script type=\"application\/ld+json\" class=\"yoast-schema-graph\">{\"@context\":\"https:\/\/schema.org\",\"@graph\":[{\"@type\":\"Organization\",\"@id\":\"https:\/\/www.blog.business-and-growth.com\/#organization\",\"name\":\"Business & Growth\",\"url\":\"https:\/\/www.blog.business-and-growth.com\/\",\"sameAs\":[],\"logo\":{\"@type\":\"ImageObject\",\"@id\":\"https:\/\/www.blog.business-and-growth.com\/#logo\",\"inLanguage\":\"es-ES\",\"url\":\"https:\/\/www.blog.business-and-growth.com\/wp-content\/uploads\/2020\/02\/bg-1.png\",\"width\":512,\"height\":512,\"caption\":\"Business & Growth\"},\"image\":{\"@id\":\"https:\/\/www.blog.business-and-growth.com\/#logo\"}},{\"@type\":\"WebSite\",\"@id\":\"https:\/\/www.blog.business-and-growth.com\/#website\",\"url\":\"https:\/\/www.blog.business-and-growth.com\/\",\"name\":\"Publicaciones B&amp;G\",\"description\":\"Producci\\u00f3n de articulos y ensayos B&amp;G\",\"publisher\":{\"@id\":\"https:\/\/www.blog.business-and-growth.com\/#organization\"},\"potentialAction\":[{\"@type\":\"SearchAction\",\"target\":\"https:\/\/www.blog.business-and-growth.com\/?s={search_term_string}\",\"query-input\":\"required name=search_term_string\"}],\"inLanguage\":\"es-ES\"},{\"@type\":\"ImageObject\",\"@id\":\"https:\/\/www.blog.business-and-growth.com\/index.php\/2022\/10\/28\/elementor-1615\/#primaryimage\",\"inLanguage\":\"es-ES\",\"url\":\"https:\/\/www.blog.business-and-growth.com\/wp-content\/uploads\/2022\/10\/Integracion-economica.png\",\"width\":1024,\"height\":768},{\"@type\":\"WebPage\",\"@id\":\"https:\/\/www.blog.business-and-growth.com\/index.php\/2022\/10\/28\/elementor-1615\/#webpage\",\"url\":\"https:\/\/www.blog.business-and-growth.com\/index.php\/2022\/10\/28\/elementor-1615\/\",\"name\":\"\\u00bfDesglobalizaci\\u00f3n o Regionalizaci\\u00f3n? Hacia d\\u00f3nde navegan los pa\\u00edses en v\\u00edas de desarrollo - Publicaciones B&amp;G\",\"isPartOf\":{\"@id\":\"https:\/\/www.blog.business-and-growth.com\/#website\"},\"primaryImageOfPage\":{\"@id\":\"https:\/\/www.blog.business-and-growth.com\/index.php\/2022\/10\/28\/elementor-1615\/#primaryimage\"},\"datePublished\":\"2022-10-28T16:18:53+00:00\",\"dateModified\":\"2022-11-08T23:06:41+00:00\",\"description\":\"Producci\\u00f3n de articulos y ensayos B&G.\",\"inLanguage\":\"es-ES\",\"potentialAction\":[{\"@type\":\"ReadAction\",\"target\":[\"https:\/\/www.blog.business-and-growth.com\/index.php\/2022\/10\/28\/elementor-1615\/\"]}]},{\"@type\":\"Article\",\"@id\":\"https:\/\/www.blog.business-and-growth.com\/index.php\/2022\/10\/28\/elementor-1615\/#article\",\"isPartOf\":{\"@id\":\"https:\/\/www.blog.business-and-growth.com\/index.php\/2022\/10\/28\/elementor-1615\/#webpage\"},\"author\":{\"@id\":\"https:\/\/www.blog.business-and-growth.com\/#\/schema\/person\/ab52cff0de5518f691e0bc7d0f1d20a5\"},\"headline\":\"\\u00bfDesglobalizaci\\u00f3n o Regionalizaci\\u00f3n? Hacia d\\u00f3nde navegan los pa\\u00edses en v\\u00edas de desarrollo\",\"datePublished\":\"2022-10-28T16:18:53+00:00\",\"dateModified\":\"2022-11-08T23:06:41+00:00\",\"mainEntityOfPage\":{\"@id\":\"https:\/\/www.blog.business-and-growth.com\/index.php\/2022\/10\/28\/elementor-1615\/#webpage\"},\"publisher\":{\"@id\":\"https:\/\/www.blog.business-and-growth.com\/#organization\"},\"image\":{\"@id\":\"https:\/\/www.blog.business-and-growth.com\/index.php\/2022\/10\/28\/elementor-1615\/#primaryimage\"},\"articleSection\":\"Articulos\",\"inLanguage\":\"es-ES\"},{\"@type\":\"Person\",\"@id\":\"https:\/\/www.blog.business-and-growth.com\/#\/schema\/person\/ab52cff0de5518f691e0bc7d0f1d20a5\",\"name\":\"Educaci\\u00f3n\",\"image\":{\"@type\":\"ImageObject\",\"@id\":\"https:\/\/www.blog.business-and-growth.com\/#personlogo\",\"inLanguage\":\"es-ES\",\"url\":\"https:\/\/secure.gravatar.com\/avatar\/26f6f16fbde9369ceffc687f8134c3dc?s=96&d=mm&r=g\",\"caption\":\"Educaci\\u00f3n\"},\"sameAs\":[\"https:\/\/www.facebook.com\/BusinessGrowthSC\/\",\"https:\/\/www.instagram.com\/bg_businessgrowth\/\",\"https:\/\/www.linkedin.com\/feed\/\",\"https:\/\/twitter.com\/https:\/\/twitter.com\/EducacionGrowth\",\"https:\/\/www.youtube.com\/channel\/UC5oxN2wNO3m3fTNtfQd6z6Q\"]}]}<\/script>\n<!-- \/ Yoast SEO plugin. -->","jetpack_sharing_enabled":true,"jetpack_likes_enabled":true,"_links":{"self":[{"href":"https:\/\/www.blog.business-and-growth.com\/index.php\/wp-json\/wp\/v2\/posts\/1615"}],"collection":[{"href":"https:\/\/www.blog.business-and-growth.com\/index.php\/wp-json\/wp\/v2\/posts"}],"about":[{"href":"https:\/\/www.blog.business-and-growth.com\/index.php\/wp-json\/wp\/v2\/types\/post"}],"author":[{"embeddable":true,"href":"https:\/\/www.blog.business-and-growth.com\/index.php\/wp-json\/wp\/v2\/users\/5"}],"replies":[{"embeddable":true,"href":"https:\/\/www.blog.business-and-growth.com\/index.php\/wp-json\/wp\/v2\/comments?post=1615"}],"version-history":[{"count":4,"href":"https:\/\/www.blog.business-and-growth.com\/index.php\/wp-json\/wp\/v2\/posts\/1615\/revisions"}],"predecessor-version":[{"id":1626,"href":"https:\/\/www.blog.business-and-growth.com\/index.php\/wp-json\/wp\/v2\/posts\/1615\/revisions\/1626"}],"wp:featuredmedia":[{"embeddable":true,"href":"https:\/\/www.blog.business-and-growth.com\/index.php\/wp-json\/wp\/v2\/media\/1625"}],"wp:attachment":[{"href":"https:\/\/www.blog.business-and-growth.com\/index.php\/wp-json\/wp\/v2\/media?parent=1615"}],"wp:term":[{"taxonomy":"category","embeddable":true,"href":"https:\/\/www.blog.business-and-growth.com\/index.php\/wp-json\/wp\/v2\/categories?post=1615"},{"taxonomy":"post_tag","embeddable":true,"href":"https:\/\/www.blog.business-and-growth.com\/index.php\/wp-json\/wp\/v2\/tags?post=1615"}],"curies":[{"name":"wp","href":"https:\/\/api.w.org\/{rel}","templated":true}]}}