{"id":1598,"date":"2022-10-18T17:10:37","date_gmt":"2022-10-18T22:10:37","guid":{"rendered":"https:\/\/www.blog.business-and-growth.com\/?p=1598"},"modified":"2022-10-18T17:39:22","modified_gmt":"2022-10-18T22:39:22","slug":"elementor-1598","status":"publish","type":"post","link":"https:\/\/www.blog.business-and-growth.com\/index.php\/2022\/10\/18\/elementor-1598\/","title":{"rendered":"El papel del Comercio Internacional en el desarrollo de Am\u00e9rica Latina"},"content":{"rendered":"\t\t<div data-elementor-type=\"wp-post\" data-elementor-id=\"1598\" class=\"elementor elementor-1598\">\n\t\t\t\t\t\t<div class=\"elementor-inner\">\n\t\t\t\t<div class=\"elementor-section-wrap\">\n\t\t\t\t\t\t\t\t\t<section class=\"elementor-section elementor-top-section elementor-element elementor-element-5ec7a3fd elementor-section-boxed elementor-section-height-default elementor-section-height-default\" data-id=\"5ec7a3fd\" data-element_type=\"section\">\n\t\t\t\t\t\t<div class=\"elementor-container elementor-column-gap-default\">\n\t\t\t\t\t\t\t<div class=\"elementor-row\">\n\t\t\t\t\t<div class=\"elementor-column elementor-col-100 elementor-top-column elementor-element elementor-element-3dbcfe7e\" data-id=\"3dbcfe7e\" data-element_type=\"column\">\n\t\t\t<div class=\"elementor-column-wrap elementor-element-populated\">\n\t\t\t\t\t\t\t<div class=\"elementor-widget-wrap\">\n\t\t\t\t\t\t<div class=\"elementor-element elementor-element-15df86ec elementor-widget elementor-widget-image\" data-id=\"15df86ec\" data-element_type=\"widget\" data-widget_type=\"image.default\">\n\t\t\t\t<div class=\"elementor-widget-container\">\n\t\t\t\t\t\t\t\t<div class=\"elementor-image\">\n\t\t\t\t\t\t\t\t\t\t\t\t<img decoding=\"async\" width=\"150\" height=\"150\" src=\"https:\/\/www.blog.business-and-growth.com\/wp-content\/uploads\/2022\/08\/Foto-Dr-Benjamin-1-150x150.png\" class=\"attachment-thumbnail size-thumbnail\" alt=\"Asesor 1 Certificaci\u00f3n CFA Nivel 1\" loading=\"lazy\" srcset=\"https:\/\/www.blog.business-and-growth.com\/wp-content\/uploads\/2022\/08\/Foto-Dr-Benjamin-1-150x150.png 150w, https:\/\/www.blog.business-and-growth.com\/wp-content\/uploads\/2022\/08\/Foto-Dr-Benjamin-1-300x300.png 300w, https:\/\/www.blog.business-and-growth.com\/wp-content\/uploads\/2022\/08\/Foto-Dr-Benjamin-1-410x410.png 410w, https:\/\/www.blog.business-and-growth.com\/wp-content\/uploads\/2022\/08\/Foto-Dr-Benjamin-1-100x100.png 100w, https:\/\/www.blog.business-and-growth.com\/wp-content\/uploads\/2022\/08\/Foto-Dr-Benjamin-1-275x275.png 275w, https:\/\/www.blog.business-and-growth.com\/wp-content\/uploads\/2022\/08\/Foto-Dr-Benjamin-1.png 500w\" sizes=\"(max-width: 150px) 100vw, 150px\" \/>\t\t\t\t\t\t\t\t\t\t\t\t\t\t<\/div>\n\t\t\t\t\t\t<\/div>\n\t\t\t\t<\/div>\n\t\t\t\t<div class=\"elementor-element elementor-element-54cab255 elementor-widget elementor-widget-text-editor\" data-id=\"54cab255\" data-element_type=\"widget\" data-widget_type=\"text-editor.default\">\n\t\t\t\t<div class=\"elementor-widget-container\">\n\t\t\t\t\t\t\t\t<div class=\"elementor-text-editor elementor-clearfix\">\n\t\t\t\t<p style=\"text-align: center;\">Dr. Benjam\u00edn Garc\u00eda\u00a0<\/p>\t\t\t\t\t<\/div>\n\t\t\t\t\t\t<\/div>\n\t\t\t\t<\/div>\n\t\t\t\t\t\t<\/div>\n\t\t\t\t\t<\/div>\n\t\t<\/div>\n\t\t\t\t\t\t\t\t<\/div>\n\t\t\t\t\t<\/div>\n\t\t<\/section>\n\t\t\t\t<section class=\"elementor-section elementor-top-section elementor-element elementor-element-2ac64f25 elementor-section-boxed elementor-section-height-default elementor-section-height-default\" data-id=\"2ac64f25\" data-element_type=\"section\">\n\t\t\t\t\t\t<div class=\"elementor-container elementor-column-gap-default\">\n\t\t\t\t\t\t\t<div class=\"elementor-row\">\n\t\t\t\t\t<div class=\"elementor-column elementor-col-100 elementor-top-column elementor-element elementor-element-6988aaff\" data-id=\"6988aaff\" data-element_type=\"column\">\n\t\t\t<div class=\"elementor-column-wrap elementor-element-populated\">\n\t\t\t\t\t\t\t<div class=\"elementor-widget-wrap\">\n\t\t\t\t\t\t<div class=\"elementor-element elementor-element-24a27652 elementor-widget elementor-widget-text-editor\" data-id=\"24a27652\" data-element_type=\"widget\" data-widget_type=\"text-editor.default\">\n\t\t\t\t<div class=\"elementor-widget-container\">\n\t\t\t\t\t\t\t\t<div class=\"elementor-text-editor elementor-clearfix\">\n\t\t\t\t<p class=\"Default\" style=\"text-align:justify\">La Teor\u00eda econ\u00f3mica neocl\u00e1sica\ndescrib\u00eda al desarrollo como un proceso lineal seguido (o a ser seguido) m\u00e1s o\nmenos independientemente por cada pa\u00eds. Sin embargo, una interpretaci\u00f3n\ndiferente afirma que el subdesarrollo no puede ser estudiado como una\n&#8220;fase&#8221; del proceso de desarrollo, ya que semejante &#8220;fase\u201d podr\u00eda\nser superada de producirse la presencia simult\u00e1nea de ciertos factores. <o:p><\/o:p><\/p><p class=\"Default\" style=\"text-align:justify\">Uno de los m\u00e9ritos del enfoque\nestructuralista de la CEPAL de los a\u00f1os 50, es el \u00e9nfasis que pone en las\ncondiciones estructurales que caracterizan el subdesarrollo de los pa\u00edses\nlatinoamericanos, y que son resultado de su evoluci\u00f3n hist\u00f3rica y de su\ninserci\u00f3n en la econom\u00eda mundial. <o:p><\/o:p><\/p><p class=\"Default\" style=\"text-align:justify\">El aporte del estructuralismo\nlatinoamericano va m\u00e1s all\u00e1 de lo metodol\u00f3gico, ya que hace importantes\ncontribuciones sustantivas a la teor\u00eda del desarrollo econ\u00f3mico y social. <o:p><\/o:p><\/p><p class=\"Default\" style=\"text-align:justify\">\u00bfCu\u00e1les son las principales causas\ndel subdesarrollo de la regi\u00f3n? <o:p><\/o:p><\/p><p class=\"Default\" style=\"text-align:justify\">\u00bfQu\u00e9 puede hacerse para superarlo? <o:p><\/o:p><\/p><p class=\"Default\" style=\"text-align:justify\">Este enfoque identifica algunos de\nlos llamados problemas estructurales asociados al subdesarrollo: <o:p><\/o:p><\/p><p class=\"Default\" style=\"margin-bottom:2.3pt;text-align:justify\">1) Tendencia al\ndesequilibrio externo que acompa\u00f1a los procesos de industrializaci\u00f3n de la\nperiferia <o:p><\/o:p><\/p><p class=\"Default\" style=\"margin-bottom:2.3pt;text-align:justify\">2) El subempleo\nestructural y la baja productividad, relacionado con desequilibrios generados\nen la agricultura <o:p><\/o:p><\/p><p class=\"Default\" style=\"text-align:justify\">3) Deterioro en los t\u00e9rminos de\nintercambio. Mayor sensibilidad de los precios de las exportaciones que de las\nimportaciones <o:p><\/o:p><\/p><p class=\"Default\" style=\"text-align:justify\"><o:p>&nbsp;<\/o:p><\/p><p>\n\n\n\n\n\n\n\n\n\n\n\n\n\n\n\n\n\n\n\n<\/p><p class=\"MsoNormal\" style=\"margin-bottom: 0cm; text-align: justify; line-height: normal; background-image: initial; background-position: initial; background-size: initial; background-repeat: initial; background-attachment: initial; background-origin: initial; background-clip: initial;\"><span style=\"font-size:12.0pt;color:black;mso-color-alt:\nwindowtext\">La periodizaci\u00f3n que sirve para analizar los ritmos de este proceso\na lo largo de los dos siglos, reconoce cuatro fases principales:<\/span><span style=\"font-size:12.0pt;font-family:&quot;Arial&quot;,sans-serif;mso-fareast-font-family:\n&quot;Times New Roman&quot;;mso-fareast-language:ES-MX\"><o:p><\/o:p><\/span><\/p>\t\t\t\t\t<\/div>\n\t\t\t\t\t\t<\/div>\n\t\t\t\t<\/div>\n\t\t\t\t\t\t<\/div>\n\t\t\t\t\t<\/div>\n\t\t<\/div>\n\t\t\t\t\t\t\t\t<\/div>\n\t\t\t\t\t<\/div>\n\t\t<\/section>\n\t\t\t\t<section class=\"elementor-section elementor-top-section elementor-element elementor-element-11f8dd12 elementor-section-boxed elementor-section-height-default elementor-section-height-default\" data-id=\"11f8dd12\" data-element_type=\"section\">\n\t\t\t\t\t\t<div class=\"elementor-container elementor-column-gap-default\">\n\t\t\t\t\t\t\t<div class=\"elementor-row\">\n\t\t\t\t\t<div class=\"elementor-column elementor-col-100 elementor-top-column elementor-element elementor-element-61379d18\" data-id=\"61379d18\" data-element_type=\"column\">\n\t\t\t<div class=\"elementor-column-wrap elementor-element-populated\">\n\t\t\t\t\t\t\t<div class=\"elementor-widget-wrap\">\n\t\t\t\t\t\t<div class=\"elementor-element elementor-element-47890d3e elementor-widget elementor-widget-heading\" data-id=\"47890d3e\" data-element_type=\"widget\" data-widget_type=\"heading.default\">\n\t\t\t\t<div class=\"elementor-widget-container\">\n\t\t\t<h4 class=\"elementor-heading-title elementor-size-default\"><p class=\"Default\"><br><\/p><p class=\"Default\" style=\"margin-bottom:10.35pt;text-align:justify\">(1) las\nd\u00e9cadas posteriores a la Independencia del grueso de los pa\u00edses; <o:p><\/o:p><\/p>\n\n<p class=\"Default\" style=\"text-align:justify\">(2) la fase de desarrollo\nprimario-exportador en el marco de la llamada primera globalizaci\u00f3n, que cubre\nlas \u00faltimas d\u00e9cadas del siglo XIX y las tres primeras del siglo XX; <span style=\"color: var( --e-global-color-primary ); font-family: var( --e-global-typography-primary-font-family ), lato; font-size: 31px; font-weight: var( --e-global-typography-primary-font-weight );\"><\/span><\/p><\/h4>\t\t<\/div>\n\t\t\t\t<\/div>\n\t\t\t\t\t\t<\/div>\n\t\t\t\t\t<\/div>\n\t\t<\/div>\n\t\t\t\t\t\t\t\t<\/div>\n\t\t\t\t\t<\/div>\n\t\t<\/section>\n\t\t\t\t<section class=\"elementor-section elementor-top-section elementor-element elementor-element-c573015 elementor-section-boxed elementor-section-height-default elementor-section-height-default\" data-id=\"c573015\" data-element_type=\"section\">\n\t\t\t\t\t\t<div class=\"elementor-container elementor-column-gap-default\">\n\t\t\t\t\t\t\t<div class=\"elementor-row\">\n\t\t\t\t\t<div class=\"elementor-column elementor-col-100 elementor-top-column elementor-element elementor-element-5f84ca2\" data-id=\"5f84ca2\" data-element_type=\"column\">\n\t\t\t<div class=\"elementor-column-wrap elementor-element-populated\">\n\t\t\t\t\t\t\t<div class=\"elementor-widget-wrap\">\n\t\t\t\t\t\t<div class=\"elementor-element elementor-element-5ce6e27b elementor-widget elementor-widget-text-editor\" data-id=\"5ce6e27b\" data-element_type=\"widget\" data-widget_type=\"text-editor.default\">\n\t\t\t\t<div class=\"elementor-widget-container\">\n\t\t\t\t\t\t\t\t<div class=\"elementor-text-editor elementor-clearfix\">\n\t\t\t\t<p class=\"Default\" style=\"margin-bottom: 10.35pt; text-align: justify;\">(3) la industrializaci\u00f3n dirigida por el Estado (t\u00e9rmino que suele denominarse de sustituci\u00f3n de importaciones), que se enmarca entre dos grandes crisis: la Gran Depresi\u00f3n de los a\u00f1os 1930 y la \u201cd\u00e9cada perdida\u201d del decenio de 1980;<\/p><p class=\"Default\" style=\"text-align: justify;\">(4) la etapa de reformas de mercado desde los a\u00f1os 1980, que coincide a nivel internacional con la segunda globalizaci\u00f3n.<\/p><p class=\"Default\" style=\"text-align: justify;\">La segunda fase se caracteriza por el crecimiento hacia afuera y depende del dinamismo de la demanda de productos de exportaci\u00f3n, que condicionan la expansi\u00f3n del sector exportador y generan el crecimiento de la producci\u00f3n y el empleo internos.<\/p><p class=\"Default\" style=\"text-align: justify;\">Desgraciadamente esta forma de inserci\u00f3n en la Econom\u00eda global cre\u00f3 un esquema de &#8220;enclaves&#8221; tecnol\u00f3gicos con insignificantes efectos multiplicadores internos.<\/p><p class=\"Default\" style=\"text-align: justify;\">Como resultado de la identificaci\u00f3n de los problemas estructurales y el hecho de que la segunda guerra mundial increment\u00f3 los ingresos por exportaci\u00f3n y limit\u00f3 la capacidad de importaci\u00f3n, posibilit\u00f3 as\u00ed el desarrollo de una producci\u00f3n local. Lo que identificamos como la fase 3.<\/p><p class=\"Default\" style=\"text-align: justify;\">Se presenta a la industrializaci\u00f3n como una respuesta y como un esfuerzo por sustituir bienes que no se pod\u00edan importar.<\/p><p class=\"Default\" style=\"text-align: justify;\">La industrializaci\u00f3n por sustituci\u00f3n de importaciones increment\u00f3 la necesidad de tecnolog\u00eda importada, que es intensiva en capital y por lo tanto responsable al menos, en parte sustantiva, de la baja capacidad de absorci\u00f3n de mano de obra por parte de la industria.<\/p><p class=\"Default\" style=\"text-align: justify;\">Se da entonces una incompatibilidad entre las tecnolog\u00edas empleadas y la oferta de mano de obra, lo cual se refleja en los elevados niveles de desempleo y subempleo, en las altas tasas de capacidad instalada ociosa, y en la relativa carencia de recursos financieros para mayores inversiones.<\/p><p class=\"Default\" style=\"text-align: justify;\">La anhelada soluci\u00f3n al desarrollo econ\u00f3mico al impulsar la industrializaci\u00f3n con base en mercado interno que requer\u00eda bienes de capital e insumos especializados ten\u00eda el problema que muchos de estos bienes segu\u00edan siendo importados, agravando el problema de la reducci\u00f3n del margen comprimible de las importaciones, y haciendo a la econom\u00eda m\u00e1s vulnerable a las fluctuaciones de los niveles de precios y de la demanda de productos de exportaci\u00f3n.<\/p><p>\u00a0<\/p><p class=\"MsoNormal\" style=\"margin-bottom: 0cm; text-align: justify; line-height: normal; background-image: initial; background-position: initial; background-size: initial; background-repeat: initial; background-attachment: initial; background-origin: initial; background-clip: initial;\"><span style=\"font-size: 12.0pt; color: black; mso-color-alt: windowtext;\">Es as\u00ed que, como resultado de un juego m\u00e1s complejo de factores internos, se produce un problema similar al que se daba en la etapa del crecimiento hacia afuera.<\/span><\/p>\t\t\t\t\t<\/div>\n\t\t\t\t\t\t<\/div>\n\t\t\t\t<\/div>\n\t\t\t\t\t\t<\/div>\n\t\t\t\t\t<\/div>\n\t\t<\/div>\n\t\t\t\t\t\t\t\t<\/div>\n\t\t\t\t\t<\/div>\n\t\t<\/section>\n\t\t\t\t<section class=\"elementor-section elementor-top-section elementor-element elementor-element-375ec9b7 elementor-section-boxed elementor-section-height-default elementor-section-height-default\" data-id=\"375ec9b7\" data-element_type=\"section\">\n\t\t\t\t\t\t<div class=\"elementor-container elementor-column-gap-default\">\n\t\t\t\t\t\t\t<div class=\"elementor-row\">\n\t\t\t\t\t<div class=\"elementor-column elementor-col-100 elementor-top-column elementor-element elementor-element-10f6ad65\" data-id=\"10f6ad65\" data-element_type=\"column\">\n\t\t\t<div class=\"elementor-column-wrap elementor-element-populated\">\n\t\t\t\t\t\t\t<div class=\"elementor-widget-wrap\">\n\t\t\t\t\t\t<div class=\"elementor-element elementor-element-14dabd80 elementor-widget elementor-widget-text-editor\" data-id=\"14dabd80\" data-element_type=\"widget\" data-widget_type=\"text-editor.default\">\n\t\t\t\t<div class=\"elementor-widget-container\">\n\t\t\t\t\t\t\t\t<div class=\"elementor-text-editor elementor-clearfix\">\n\t\t\t\t<p class=\"Default\" style=\"text-align: justify;\">A mediados y fines de los a\u00f1os\nsesenta se empez\u00f3 a cuestionar la estrategia de sustituci\u00f3n de importaciones\nvinculada al crecimiento interno, y se dej\u00f3 escuchar una nueva preocupaci\u00f3n por\nlos problemas del empleo.<\/p>\n<p class=\"Default\" style=\"text-align: justify;\">Como consecuencia de las\nnecesidades financieras de los pa\u00edses latinoamericanos, de la naturaleza del\nproceso de industrializaci\u00f3n por sustituci\u00f3n de importaciones y de la expansi\u00f3n\nde las corporaciones transnacionales, la inversi\u00f3n extranjera empez\u00f3 a\ndesempe\u00f1ar un papel dominante en los sectores din\u00e1micos de las econom\u00edas\nlatinoamericanas en los a\u00f1os sesenta.<\/p>\n<p class=\"Default\" style=\"text-align: justify;\">En esta fase, se manifiesta una\nineficiencia producto de la excesiva protecci\u00f3n y, a los variados subsidios y\nbeneficios que le fueron otorgados por el Estado al sector industrial.<\/p>\n<p class=\"Default\" style=\"text-align: justify;\">En este contexto, por otro lado, se\nreconoce la existencia de una revoluci\u00f3n tecnol\u00f3gica y de un proceso de\nglobalizaci\u00f3n concomitante y acelerado.<\/p>\n<p class=\"Default\" style=\"text-align: justify;\">Si bien se aprendieron muchas\ncosas, solo unas pocas industrias se volvieron globalmente competitivas a pesar\nde los altos subsidios a las exportaciones y las subvenciones financieras, que\nalimentaron la b\u00fasqueda de rentas y, con demasiada frecuencia, crisis fiscales\ny de la deuda<\/p>\n<p class=\"Default\" style=\"text-align: justify;\">De la Teor\u00eda Neocl\u00e1sica antes\ncuestionada, ahora se aceptan argumentos como los de \u201c<b>fallas de mercado<\/b>\u201d\ny el car\u00e1cter determinante de \u201c<b>carencias institucionales<\/b>\u201d en los\nproblemas del desarrollo. Estas fallas y carencias tienen como contracara la\npropuesta de una expansi\u00f3n de las exportaciones.<\/p>\n<p class=\"Default\" style=\"text-align: justify;\">La siguiente fase implica una nueva\nforma de inserci\u00f3n en la Econom\u00eda Global, las bases de esta postura, sostiene\nque el control de la inflaci\u00f3n, el equilibrio fiscal y la apertura completa de\nla cuenta de capitales son suficientes para alcanzar el equilibrio de las\nvariables financieras, lo que a su vez \u2013en condiciones de liberalizaci\u00f3n\ncomercial- conduce a equilibrios macroecon\u00f3micos generalizado, y asimismo, a la\ncontinuidad del crecimiento.<\/p>\n<p class=\"Default\" style=\"text-align: justify;\">Es el comienzo de los a\u00f1os noventa.\nVarias d\u00e9cadas de desarrollo aislacionista (proteccionismo) en Am\u00e9rica Latina y\nel Caribe se disolvieron hasta producir desequilibrios fiscales y una\nparalizante crisis de la balanza de pagos. El crecimiento se hab\u00eda estancado.<\/p>\n<p class=\"Default\" style=\"margin-bottom: 10.0pt; text-align: justify;\"><span style=\"font-family: Wingdings; mso-bidi-font-family: Wingdings;\">\u27a2 <\/span>Despu\u00e9s\nde que el producto interno bruto (PIB) per c\u00e1pita aumentara un 2,4% promedio\nanual durante las d\u00e9cadas anteriores, su crecimiento se redujo hasta un\npromedio anual de 0.6% en los a\u00f1os ochenta.<\/p>\n<p style=\"text-align: justify;\"><\/p>\n<p style=\"text-align: justify;\"><span>\u27a2 <\/span>La inflaci\u00f3n, tradicionalmente el tal\u00f3n de Aquiles de la regi\u00f3n, se dispar\u00f3 fuera de control y aument\u00f3 de un promedio\nanual del 30% en los a\u00f1os setenta a un 228% en los ochenta.<\/p>\n<p style=\"text-align: justify;\"><span>\u27a2\u00a0Los indicadores de la deuda externa tambi\u00e9n se volvieron preocupantes, con un promedio cercano al 100% del PIB, por lo que muchos pa\u00edses cayeron en default. Asimismo, la desigualdad del ingreso alcanz\u00f3 un m\u00e1ximo hist\u00f3rico.<\/span><\/p>\n<p><span>Adem\u00e1s de los ajustes fiscales, la desregulaci\u00f3n y la privatizaci\u00f3n, el paquete inclu\u00eda una liberalizaci\u00f3n comercial integral y un enfoque m\u00e1s liberal de la inversi\u00f3n extranjera directa (IED).<\/span><\/p>\n<p><span>Con estos cambios, sin embargo, no s\u00f3lo se esperaba que la globalizaci\u00f3n y las reformas de &#8220;primera mano&#8221; aumentaran las tasas de crecimiento econ\u00f3mico, sino que adem\u00e1s disminuyeran de manera significativa la pobreza y la inequidad.<\/span><\/p>\n<p ><span>La idea era clara, Am\u00e9rica Latina ten\u00eda que abrir su econom\u00eda, abandonar las pr\u00e1cticas proteccionistas, recortar el hinchado papel del Estado; en otras palabras, la regi\u00f3n latinoamericana ten\u00eda que insertarse en la l\u00f3gica del mercado. Las reformas de pol\u00edtica econ\u00f3mica del Consenso de Washington representaban el programa de ajuste estructural para iniciar la transici\u00f3n de un modelo cerrado a uno abierto y liberalizado.<\/span><\/p>\n<p><span>\u00bfQu\u00e9 se puede decir de estas expectativas?<\/span><\/p>\n<p ><span>\u00bfEstaban bien fundamentadas en una teor\u00eda econ\u00f3mica s\u00f3lida y en evidencia emp\u00edrica robusta?<\/span><\/p>\n<p><span>\u00bfAcaso los resultados han estado a la altura de lo que se anunciaba?<\/span><\/p>\n<p>\u00bfSiguen siendo expectativas v\u00e1lidas hoy en d\u00eda?<\/span><\/p>\n<p>De esta apertura, a principios de los 90, se suger\u00eda que los beneficios vendr\u00edan de al menos otras dos fuentes: el comercio intraindustrial y los efectos a favor de la competencia.<\/span><\/p>\n<p>\u27a2\u00a0El acceso a los\u00a0mercados mundiales dar\u00eda a las empresas de los pa\u00edses suficiente escala para especializarse en diferentes variedades del mismo producto, a la vez que abrir\u00eda la puerta para precios m\u00e1s bajos, lo cual favorecer\u00eda a los consumidores amantes de la variedad y a las firmas por una mayor diversidad de insumos m\u00e1s baratos.<\/span><\/p>\n<p>\u27a2\u00a0Los efectos a favor de la competencia se producir\u00edan gracias al impacto de la competencia de las importaciones en el poder de mercado de las empresas \u2014que limita su capacidad de subir los precios por encima de los costos\u2014 y tambi\u00e9n gracias a una mayor eficiencia de los administradores, obligados a aumentar la productividad.<\/span><\/p>\t\t\t\t\t<\/div>\n\t\t\t\t\t\t<\/div>\n\t\t\t\t<\/div>\n\t\t\t\t\t\t<\/div>\n\t\t\t\t\t<\/div>\n\t\t<\/div>\n\t\t\t\t\t\t\t\t<\/div>\n\t\t\t\t\t<\/div>\n\t\t<\/section>\n\t\t\t\t<section class=\"elementor-section elementor-top-section elementor-element elementor-element-9219116 elementor-section-boxed elementor-section-height-default elementor-section-height-default\" data-id=\"9219116\" data-element_type=\"section\">\n\t\t\t\t\t\t<div class=\"elementor-container elementor-column-gap-default\">\n\t\t\t\t\t\t\t<div class=\"elementor-row\">\n\t\t\t\t\t<div class=\"elementor-column elementor-col-100 elementor-top-column elementor-element elementor-element-9d66c01\" data-id=\"9d66c01\" data-element_type=\"column\">\n\t\t\t<div class=\"elementor-column-wrap elementor-element-populated\">\n\t\t\t\t\t\t\t<div class=\"elementor-widget-wrap\">\n\t\t\t\t\t\t<div class=\"elementor-element elementor-element-ecdd6a0 elementor-widget elementor-widget-text-editor\" data-id=\"ecdd6a0\" data-element_type=\"widget\" data-widget_type=\"text-editor.default\">\n\t\t\t\t<div class=\"elementor-widget-container\">\n\t\t\t\t\t\t\t\t<div class=\"elementor-text-editor elementor-clearfix\">\n\t\t\t\t\t\t\t\t\t<\/div>\n\t\t\t\t\t\t<\/div>\n\t\t\t\t<\/div>\n\t\t\t\t<div class=\"elementor-element elementor-element-132b1483 elementor-widget elementor-widget-text-editor\" data-id=\"132b1483\" data-element_type=\"widget\" data-widget_type=\"text-editor.default\">\n\t\t\t\t<div class=\"elementor-widget-container\">\n\t\t\t\t\t\t\t\t<div class=\"elementor-text-editor elementor-clearfix\">\n\t\t\t\t<p class=\"MsoNormal\" style=\"margin-bottom: 0cm; text-align: justify; line-height: normal; mso-layout-grid-align: none; text-autospace: none;\"><span style=\"font-size: 16px;\">El aumento mediano de la participaci\u00f3n del comercio en el PIB en la regi\u00f3n fue de un espectacular 28%. Este incremento ayud\u00f3 a la regi\u00f3n a recuperar la mayor parte de las p\u00e9rdidas que hab\u00eda tenido en el mercado mundial en los a\u00f1os de la sustituci\u00f3n de las importaciones<\/span><\/p><p class=\"Default\" style=\"text-align: justify;\"><span style=\"font-size: 16px;\">Sin embargo, era poco realista pensar que la pol\u00edtica comercial por s\u00ed sola pod\u00eda lograr este objetivo. <\/span><\/p><p class=\"Default\" style=\"text-align: justify;\"><span style=\"font-size: 16px;\">La liberalizaci\u00f3n comercial o, en t\u00e9rminos m\u00e1s generales, la globalizaci\u00f3n \u2014con todos sus canales comerciales y de IED\u2014 podr\u00eda tener un impacto positivo en estos dos motores del crecimiento econ\u00f3mico: la acumulaci\u00f3n del capital f\u00edsico y la acumulaci\u00f3n de conocimiento. No obstante, este impacto a menudo depende de las pol\u00edticas generales, las circunstancias y los recursos de los pa\u00edses. <\/span><\/p><p class=\"Default\" style=\"text-align: justify;\"><span style=\"font-size: 16px;\">Se producen efectos contradictorios, por un lado, se piensa que el efecto de la escala, al tener acceso a nuevos mercados, traer\u00eda m\u00e1s incentivos a la innovaci\u00f3n, pero, por otro lado, al disminuir los aranceles tambi\u00e9n puede potenciar las importaciones, lo cual puede afectar el mercado interno de las empresas, reduciendo as\u00ed los incentivos para innovar. <\/span><\/p><p class=\"Default\" style=\"text-align: justify;\"><span style=\"font-size: 16px;\"><i>En un escenario plausible, donde la experiencia en materia de investigaci\u00f3n importa, la asimilaci\u00f3n internacional es dif\u00edcil y las oportunidades para innovar var\u00edan notablemente seg\u00fan los sectores, la liberalizaci\u00f3n podr\u00eda llevar a los pa\u00edses con menos experiencia en investigaci\u00f3n a especializarse en sectores con un menor potencial de innovaci\u00f3n, con lo cual se ver\u00edan comprometidas sus oportunidades de crecimiento. <\/i><\/span><\/p><p class=\"MsoNormal\" style=\"margin-bottom: 0cm; text-align: justify; line-height: normal; background-image: initial; background-position: initial; background-size: initial; background-repeat: initial; background-attachment: initial; background-origin: initial; background-clip: initial;\"><span style=\"font-size: 16px;\"><i><span style=\"color: black;\">El nexo entre comercio y crecimiento se basaba en indicadores indirectos y a menudo err\u00f3neos de la pol\u00edtica comercial, y sol\u00eda ignorar el rol de otros factores de pol\u00edtica, institucionales, pol\u00edticos y estructurales.<\/span><\/i><i><\/i><\/span><\/p><p class=\"Default\" style=\"text-align: justify;\"><span style=\"font-size: 16px;\">En cuanto a la mejora en los ingresos de los trabajadores que la especializaci\u00f3n traer\u00eda, la l\u00f3gica propon\u00eda lo siguiente: <\/span><\/p><p class=\"Default\" style=\"margin-bottom: 2.25pt; text-align: justify;\"><span style=\"font-size: 16px;\">1) Dos pa\u00edses con la misma tecnolog\u00eda y diferentes dotaciones relativas de capital y trabajo intercambian dos productos, como textiles y maquinaria, y utilizan estos insumos en diferentes proporciones: los textiles son m\u00e1s intensivos en mano de obra que la maquinaria. <\/span><\/p><p class=\"Default\" style=\"margin-bottom: 2.25pt; text-align: justify;\"><span style=\"font-size: 16px;\">2) Este modelo predice que el pa\u00eds abundante en mano de obra exportar\u00e1 productos textiles (e importar\u00e1 maquinaria) y demandar\u00e1 m\u00e1s mano de obra, lo que, eventualmente, generar\u00e1 salarios m\u00e1s altos, menores retornos de capital y, por consiguiente, una disminuci\u00f3n de la desigualdad del ingreso <\/span><\/p><p class=\"Default\" style=\"text-align: justify;\"><span style=\"font-size: 16px;\">3) Si en lugar de capital y trabajo, se utilizan como insumos el trabajo calificado (empleado de manera intensiva en la maquinaria) y no calificado (aplicado de manera intensiva en los productos textiles), la misma l\u00f3gica llevar\u00eda a una disminuci\u00f3n de la desigualdad salarial. <\/span><\/p><p class=\"MsoNormal\" style=\"margin-bottom: 0cm; text-align: justify; line-height: normal; background-image: initial; background-position: initial; background-size: initial; background-repeat: initial; background-attachment: initial; background-origin: initial; background-clip: initial;\"><span style=\"font-size: 16px; font-family: Arial, sans-serif;\">\u00a0<\/span><\/p><p class=\"Default\" style=\"text-align: justify;\"><span style=\"font-size: 16px;\">Sin embargo, la realidad mostr\u00f3 una historia diferente. M\u00e9xico es un buen ejemplo. El pa\u00eds estaba particularmente bien posicionado para beneficiarse de la liberalizaci\u00f3n, gracias a sus salarios relativamente bajos y su proximidad a Estados Unidos. <\/span><\/p><p class=\"Default\" style=\"text-align: justify;\"><span style=\"font-size: 16px;\">Si bien el resultado es que la informalidad y la migraci\u00f3n siguieron ganando espacio como m\u00e1rgenes del ajuste en el mercado laboral de M\u00e9xico a lo largo de la liberalizaci\u00f3n <\/span><\/p><p class=\"Default\" style=\"text-align: justify;\"><span style=\"font-size: 16px;\">En Am\u00e9rica del Sur, el aumento del empleo result\u00f3 ser incluso m\u00e1s ef\u00edmero y evasivo, dado que la considerable dotaci\u00f3n de recursos naturales presionaba sobre los salarios y los tipos de cambio, lo que asegur\u00f3 que en realidad nunca se materializara un auge de las exportaciones de productos intensivos en mano de obra. <\/span><\/p><p class=\"Default\" style=\"text-align: justify;\"><span style=\"font-size: 16px;\"><i>La apertura comercial tiende a recompensar a las firmas m\u00e1s grandes y m\u00e1s productivas, que tienen m\u00e1s incentivos para adoptar tecnolog\u00edas intensivas en conocimientos especializados y encontrar y contratar a m\u00e1s trabajadores calificados, con salarios m\u00e1s altos, aumentando as\u00ed potencialmente la desigualdad salarial, incluso entre trabajadores con habilidades similares y empleados en el mismo sector. <\/i><\/span><\/p><p class=\"Default\" style=\"text-align: justify;\"><span style=\"font-size: 16px;\">Individualmente, o en su conjunto, estas fricciones pueden limitar la movilidad de los trabajadores en diferentes regiones, industrias y ocupaciones, y podr\u00edan ser las responsables de los patrones de desigualdad. <\/span><\/p><p class=\"Default\" style=\"text-align: justify;\"><span style=\"font-size: 16px;\">Las cadenas globales de valor \u2014divisi\u00f3n de las diferentes etapas del proceso de producci\u00f3n en diferentes pa\u00edses\u2014 se puede concebir como un producto secundario de la Gran Liberalizaci\u00f3n que se extendi\u00f3 por el mundo en desarrollo y abri\u00f3 nuevas oportunidades para el comercio <\/span><\/p><p class=\"Default\" style=\"text-align: justify;\"><span style=\"font-size: 16px;\">Desafortunadamente, a pesar de los esfuerzos de Am\u00e9rica Latina y el Caribe para liberalizar su comercio, su participaci\u00f3n en las cadenas globales de valor ha quedado rezagada en relaci\u00f3n con otras regiones como Asia y la Uni\u00f3n Europea. \u00bfPor qu\u00e9 ha ocurrido esto? \u00bfQu\u00e9 depara el futuro? <\/span><\/p><p class=\"Default\" style=\"text-align: justify;\"><span style=\"font-size: 16px;\">Hay dos medidas complementarias de la participaci\u00f3n en las cadenas globales de valor: los eslabonamientos hacia atr\u00e1s y hacia delante. Los primeros capturan hasta qu\u00e9 punto los bienes y servicios extranjeros, se utilizan para producir bienes locales que luego se exportan. <\/span><\/p><p class=\"Default\" style=\"text-align: justify;\"><span style=\"font-size: 16px;\">En cambio, los eslabonamientos hacia delante capturan hasta qu\u00e9 punto los bienes y servicios elaborados internamente, se utilizan para generar exportaciones extranjeras <\/span><\/p><p class=\"MsoNormal\" style=\"margin-bottom: 0cm; text-align: justify; line-height: normal; background-image: initial; background-position: initial; background-size: initial; background-repeat: initial; background-attachment: initial; background-origin: initial; background-clip: initial;\"><span style=\"font-size: 16px; color: black;\">Despu\u00e9s de casi 30 a\u00f1os de liberalizaci\u00f3n, Am\u00e9rica Latina y el Caribe no solo participa menos que la Uni\u00f3n Europea y Asia en los eslabonamientos hacia atr\u00e1s y hacia delante, sino que tambi\u00e9n presenta contribuciones m\u00e1s bajas de los v\u00ednculos intrarregionales, lo que se\u00f1ala la debilidad relativa de sus cadenas de valor regionales.<\/span><\/p><p class=\"Default\" style=\"text-align: justify;\"><span style=\"font-size: 16px;\">Es decir, cuando se trata de obtener insumos de su propia regi\u00f3n, un pa\u00eds europeo o asi\u00e1tico tiene menos limitaciones de la cadena de valor porque vende cuotas m\u00e1s grandes de sus exportaciones a pa\u00edses que forman parte de tratados comerciales de los cuales tambi\u00e9n es miembro un pa\u00eds de la misma regi\u00f3n que potencialmente es una fuente de insumos. <\/span><\/p><p class=\"Default\" style=\"text-align: justify;\"><span style=\"font-size: 16px;\">La liberalizaci\u00f3n contribuy\u00f3 al auge del comercio, pero para diversificar las exportaciones y converger con los principales exportadores mundiales se necesitan pol\u00edticas complementarias (educaci\u00f3n, ciencia y tecnolog\u00eda, infraestructura). <\/span><\/p><p class=\"Default\" style=\"text-align: justify;\"><span style=\"font-size: 16px;\">De acuerdo a los datos del Banco Mundial entre el a\u00f1o 2000 y 2019, el crecimiento de la regi\u00f3n de Am\u00e9rica Latina y el Caribe fue en promedio de un 1.6% <\/span><\/p><p class=\"Default\" style=\"text-align: justify;\"><span style=\"font-size: 16px;\">La situaci\u00f3n global es a\u00fan fr\u00e1gil. El crecimiento anual global del 2019 ha sido el m\u00e1s bajo desde la crisis del 2008-2009. Se espera un crecimiento para 2020-2021, la debilidad del comercio internacional y la inversi\u00f3n van acompa\u00f1adas de una desaceleraci\u00f3n de la productividad. <\/span><\/p><p class=\"Default\" style=\"text-align: justify;\"><span style=\"font-size: 16px;\">El reto para lograr el desarrollo de la regi\u00f3n, generando mejores oportunidades de empleo e ingresos, creando eslabonamientos productivos dentro de la regi\u00f3n y un proceso de acumulaci\u00f3n de capital y de conocimiento sigue vigente y que, la forma de inserci\u00f3n a la Econom\u00eda Global lo ha dejado sin soluci\u00f3n. <\/span><\/p><p class=\"Default\" style=\"text-align: justify;\"><span style=\"font-size: 16px;\">Referencias <\/span><\/p><p class=\"Default\" style=\"text-align: justify;\"><span style=\"font-size: 16px; font-family: Raleway;\">&#8211; Perspectivas del Comercio Internacional de Am\u00e9rica Latina y el Caribe: La integraci\u00f3n regional es clave para la recuperaci\u00f3n tras la crisis. CEPAL. 2020. <\/span><\/p><p class=\"Default\" style=\"text-align: justify;\"><span style=\"font-size: 16px; font-family: Raleway;\">&#8211; De promesas a resultados en el comercio internacional: Lo que la integraci\u00f3n global puede hacer por Am\u00e9rica Latina y el Caribe. Banco Interamericano de Desarrollo. 2019. <\/span><\/p><p class=\"Default\" style=\"text-align: justify;\"><span style=\"font-size: 16px; font-family: Raleway;\">&#8211; Rodr\u00edguez, Octavio. El Estructuralismo Latinoamericano. CEPAL y Siglo XXI. 2006. <\/span><\/p><p class=\"Default\" style=\"text-align: justify;\"><span style=\"font-size: 16px; font-family: Raleway;\">&#8211; La visi\u00f3n \u201cEstructuralista\u201d de la CEPAL. Cap. 3 del libro \u201cEl factor tecnol\u00f3gico en la teor\u00eda del desarrollo econ\u00f3mico\u201d. FRANCISCO R. SAGASTI. EL Colegio de M\u00e9xico. <\/span><\/p><p class=\"Default\" style=\"text-align: justify;\"><span style=\"font-size: 16px;\"><span style=\"font-family: Raleway;\">&#8211; Las teor\u00edas de la Cepal y la inserci\u00f3n mundial de Am\u00e9rica Latina. Una confrontaci\u00f3n entre estructuralismo y neoestructuralismo<\/span><span style=\"font-family: 'Times New Roman', serif;\">. <\/span><span style=\"font-family: Raleway;\">Alexis Saludjian. Ciclos. A\u00f1o XV Vol, XV N\u00b0 29, 1er. semestre de 2005\u00a0<\/span><\/span><\/p>\t\t\t\t\t<\/div>\n\t\t\t\t\t\t<\/div>\n\t\t\t\t<\/div>\n\t\t\t\t\t\t<\/div>\n\t\t\t\t\t<\/div>\n\t\t<\/div>\n\t\t\t\t\t\t\t\t<\/div>\n\t\t\t\t\t<\/div>\n\t\t<\/section>\n\t\t\t\t\t\t\t\t\t<\/div>\n\t\t\t<\/div>\n\t\t\t\t\t<\/div>\n\t\t","protected":false},"excerpt":{"rendered":"<p>Am\u00e9rica Latina:\u00bfCu\u00e1les son las principales causas del subdesarrollo de la regi\u00f3n? \u00bfQu\u00e9 puede hacerse para superarlo?<\/p>\n","protected":false},"author":5,"featured_media":1603,"comment_status":"open","ping_status":"open","sticky":false,"template":"","format":"standard","meta":{"spay_email":"","jetpack_publicize_message":"","jetpack_is_tweetstorm":false},"categories":[8,1],"tags":[],"jetpack_featured_media_url":"https:\/\/www.blog.business-and-growth.com\/wp-content\/uploads\/2022\/10\/guadalajara-2549710_1920.jpg","jetpack_publicize_connections":[],"yoast_head":"<!-- This site is optimized with the Yoast SEO plugin v15.5 - https:\/\/yoast.com\/wordpress\/plugins\/seo\/ -->\n<title>El papel del Comercio Internacional en el desarrollo de Am\u00e9rica Latina - Publicaciones B&amp;G<\/title>\n<meta name=\"description\" content=\"Producci\u00f3n de articulos y ensayos B&amp;G.\" \/>\n<meta name=\"robots\" content=\"index, follow, max-snippet:-1, max-image-preview:large, max-video-preview:-1\" \/>\n<link rel=\"canonical\" href=\"https:\/\/www.blog.business-and-growth.com\/index.php\/2022\/10\/18\/elementor-1598\/\" \/>\n<meta property=\"og:locale\" content=\"es_ES\" \/>\n<meta property=\"og:type\" content=\"article\" \/>\n<meta property=\"og:title\" content=\"El papel del Comercio Internacional en el desarrollo de Am\u00e9rica Latina - Publicaciones B&amp;G\" \/>\n<meta property=\"og:description\" content=\"Producci\u00f3n de articulos y ensayos B&amp;G.\" \/>\n<meta property=\"og:url\" content=\"https:\/\/www.blog.business-and-growth.com\/index.php\/2022\/10\/18\/elementor-1598\/\" \/>\n<meta property=\"og:site_name\" content=\"Publicaciones B&amp;G\" \/>\n<meta property=\"article:author\" content=\"https:\/\/www.facebook.com\/BusinessGrowthSC\/\" \/>\n<meta property=\"article:published_time\" content=\"2022-10-18T22:10:37+00:00\" \/>\n<meta property=\"article:modified_time\" content=\"2022-10-18T22:39:22+00:00\" \/>\n<meta property=\"og:image\" content=\"https:\/\/www.blog.business-and-growth.com\/wp-content\/uploads\/2022\/10\/guadalajara-2549710_1920.jpg\" \/>\n\t<meta property=\"og:image:width\" content=\"1920\" \/>\n\t<meta property=\"og:image:height\" content=\"1080\" \/>\n<meta name=\"twitter:card\" content=\"summary_large_image\" \/>\n<meta name=\"twitter:creator\" content=\"@https:\/\/twitter.com\/EducacionGrowth\" \/>\n<meta name=\"twitter:label1\" content=\"Est. reading time\">\n\t<meta name=\"twitter:data1\" content=\"11 minutes\">\n<script type=\"application\/ld+json\" class=\"yoast-schema-graph\">{\"@context\":\"https:\/\/schema.org\",\"@graph\":[{\"@type\":\"Organization\",\"@id\":\"https:\/\/www.blog.business-and-growth.com\/#organization\",\"name\":\"Business & Growth\",\"url\":\"https:\/\/www.blog.business-and-growth.com\/\",\"sameAs\":[],\"logo\":{\"@type\":\"ImageObject\",\"@id\":\"https:\/\/www.blog.business-and-growth.com\/#logo\",\"inLanguage\":\"es-ES\",\"url\":\"https:\/\/www.blog.business-and-growth.com\/wp-content\/uploads\/2020\/02\/bg-1.png\",\"width\":512,\"height\":512,\"caption\":\"Business & Growth\"},\"image\":{\"@id\":\"https:\/\/www.blog.business-and-growth.com\/#logo\"}},{\"@type\":\"WebSite\",\"@id\":\"https:\/\/www.blog.business-and-growth.com\/#website\",\"url\":\"https:\/\/www.blog.business-and-growth.com\/\",\"name\":\"Publicaciones B&amp;G\",\"description\":\"Producci\\u00f3n de articulos y ensayos B&amp;G\",\"publisher\":{\"@id\":\"https:\/\/www.blog.business-and-growth.com\/#organization\"},\"potentialAction\":[{\"@type\":\"SearchAction\",\"target\":\"https:\/\/www.blog.business-and-growth.com\/?s={search_term_string}\",\"query-input\":\"required name=search_term_string\"}],\"inLanguage\":\"es-ES\"},{\"@type\":\"ImageObject\",\"@id\":\"https:\/\/www.blog.business-and-growth.com\/index.php\/2022\/10\/18\/elementor-1598\/#primaryimage\",\"inLanguage\":\"es-ES\",\"url\":\"https:\/\/www.blog.business-and-growth.com\/wp-content\/uploads\/2022\/10\/guadalajara-2549710_1920.jpg\",\"width\":1920,\"height\":1080},{\"@type\":\"WebPage\",\"@id\":\"https:\/\/www.blog.business-and-growth.com\/index.php\/2022\/10\/18\/elementor-1598\/#webpage\",\"url\":\"https:\/\/www.blog.business-and-growth.com\/index.php\/2022\/10\/18\/elementor-1598\/\",\"name\":\"El papel del Comercio Internacional en el desarrollo de Am\\u00e9rica Latina - Publicaciones B&amp;G\",\"isPartOf\":{\"@id\":\"https:\/\/www.blog.business-and-growth.com\/#website\"},\"primaryImageOfPage\":{\"@id\":\"https:\/\/www.blog.business-and-growth.com\/index.php\/2022\/10\/18\/elementor-1598\/#primaryimage\"},\"datePublished\":\"2022-10-18T22:10:37+00:00\",\"dateModified\":\"2022-10-18T22:39:22+00:00\",\"description\":\"Producci\\u00f3n de articulos y ensayos B&G.\",\"inLanguage\":\"es-ES\",\"potentialAction\":[{\"@type\":\"ReadAction\",\"target\":[\"https:\/\/www.blog.business-and-growth.com\/index.php\/2022\/10\/18\/elementor-1598\/\"]}]},{\"@type\":\"Article\",\"@id\":\"https:\/\/www.blog.business-and-growth.com\/index.php\/2022\/10\/18\/elementor-1598\/#article\",\"isPartOf\":{\"@id\":\"https:\/\/www.blog.business-and-growth.com\/index.php\/2022\/10\/18\/elementor-1598\/#webpage\"},\"author\":{\"@id\":\"https:\/\/www.blog.business-and-growth.com\/#\/schema\/person\/ab52cff0de5518f691e0bc7d0f1d20a5\"},\"headline\":\"El papel del Comercio Internacional en el desarrollo de Am\\u00e9rica Latina\",\"datePublished\":\"2022-10-18T22:10:37+00:00\",\"dateModified\":\"2022-10-18T22:39:22+00:00\",\"mainEntityOfPage\":{\"@id\":\"https:\/\/www.blog.business-and-growth.com\/index.php\/2022\/10\/18\/elementor-1598\/#webpage\"},\"commentCount\":0,\"publisher\":{\"@id\":\"https:\/\/www.blog.business-and-growth.com\/#organization\"},\"image\":{\"@id\":\"https:\/\/www.blog.business-and-growth.com\/index.php\/2022\/10\/18\/elementor-1598\/#primaryimage\"},\"articleSection\":\"Articulos,Sin categor\\u00eda\",\"inLanguage\":\"es-ES\",\"potentialAction\":[{\"@type\":\"CommentAction\",\"name\":\"Comment\",\"target\":[\"https:\/\/www.blog.business-and-growth.com\/index.php\/2022\/10\/18\/elementor-1598\/#respond\"]}]},{\"@type\":\"Person\",\"@id\":\"https:\/\/www.blog.business-and-growth.com\/#\/schema\/person\/ab52cff0de5518f691e0bc7d0f1d20a5\",\"name\":\"Educaci\\u00f3n\",\"image\":{\"@type\":\"ImageObject\",\"@id\":\"https:\/\/www.blog.business-and-growth.com\/#personlogo\",\"inLanguage\":\"es-ES\",\"url\":\"https:\/\/secure.gravatar.com\/avatar\/26f6f16fbde9369ceffc687f8134c3dc?s=96&d=mm&r=g\",\"caption\":\"Educaci\\u00f3n\"},\"sameAs\":[\"https:\/\/www.facebook.com\/BusinessGrowthSC\/\",\"https:\/\/www.instagram.com\/bg_businessgrowth\/\",\"https:\/\/www.linkedin.com\/feed\/\",\"https:\/\/twitter.com\/https:\/\/twitter.com\/EducacionGrowth\",\"https:\/\/www.youtube.com\/channel\/UC5oxN2wNO3m3fTNtfQd6z6Q\"]}]}<\/script>\n<!-- \/ Yoast SEO plugin. -->","jetpack_sharing_enabled":true,"jetpack_likes_enabled":true,"_links":{"self":[{"href":"https:\/\/www.blog.business-and-growth.com\/index.php\/wp-json\/wp\/v2\/posts\/1598"}],"collection":[{"href":"https:\/\/www.blog.business-and-growth.com\/index.php\/wp-json\/wp\/v2\/posts"}],"about":[{"href":"https:\/\/www.blog.business-and-growth.com\/index.php\/wp-json\/wp\/v2\/types\/post"}],"author":[{"embeddable":true,"href":"https:\/\/www.blog.business-and-growth.com\/index.php\/wp-json\/wp\/v2\/users\/5"}],"replies":[{"embeddable":true,"href":"https:\/\/www.blog.business-and-growth.com\/index.php\/wp-json\/wp\/v2\/comments?post=1598"}],"version-history":[{"count":12,"href":"https:\/\/www.blog.business-and-growth.com\/index.php\/wp-json\/wp\/v2\/posts\/1598\/revisions"}],"predecessor-version":[{"id":1613,"href":"https:\/\/www.blog.business-and-growth.com\/index.php\/wp-json\/wp\/v2\/posts\/1598\/revisions\/1613"}],"wp:featuredmedia":[{"embeddable":true,"href":"https:\/\/www.blog.business-and-growth.com\/index.php\/wp-json\/wp\/v2\/media\/1603"}],"wp:attachment":[{"href":"https:\/\/www.blog.business-and-growth.com\/index.php\/wp-json\/wp\/v2\/media?parent=1598"}],"wp:term":[{"taxonomy":"category","embeddable":true,"href":"https:\/\/www.blog.business-and-growth.com\/index.php\/wp-json\/wp\/v2\/categories?post=1598"},{"taxonomy":"post_tag","embeddable":true,"href":"https:\/\/www.blog.business-and-growth.com\/index.php\/wp-json\/wp\/v2\/tags?post=1598"}],"curies":[{"name":"wp","href":"https:\/\/api.w.org\/{rel}","templated":true}]}}