{"id":1508,"date":"2022-09-01T13:44:53","date_gmt":"2022-09-01T18:44:53","guid":{"rendered":"https:\/\/www.blog.business-and-growth.com\/?p=1508"},"modified":"2022-09-01T16:00:37","modified_gmt":"2022-09-01T21:00:37","slug":"que-esta-detras-de-la-depreciacion-del-yen-cuales-son-sus-posibles-implicaciones","status":"publish","type":"post","link":"https:\/\/www.blog.business-and-growth.com\/index.php\/2022\/09\/01\/que-esta-detras-de-la-depreciacion-del-yen-cuales-son-sus-posibles-implicaciones\/","title":{"rendered":"\u00bfQu\u00e9 est\u00e1 detr\u00e1s de la depreciaci\u00f3n del Yen? \u00bfCu\u00e1les son sus posibles implicaciones?"},"content":{"rendered":"<p><strong>Autor: Dr. Benjam\u00edn Garc\u00eda Mart\u00ednez<\/strong><\/p>\n<p><span style=\"font-size: 12.5pt; font-family: 'Tahoma',sans-serif; color: #18191a;\">El tipo de cambio del Yen frente al USD ha ca\u00eddo este jueves (01\/09\/2022) un 0.5 %, cotizando a 139.68 por un d\u00f3lar estadounidense en el mercado de divisas de Tokio y marcando un m\u00ednimo desde 1998.<\/span><\/p>\n<p style=\"text-align: justify; background: white; margin: 18.0pt 0cm 0cm 0cm;\"><span style=\"font-size: 12.5pt; font-family: 'Tahoma',sans-serif; color: #18191a;\">A partir del incremento de las tasas de inter\u00e9s en EU, en su esfuerzo por controlar la inflaci\u00f3n y provocar una apreciaci\u00f3n del USD, Jap\u00f3n no ha reaccionado y mantiene su tasa de inter\u00e9s negativa y una pol\u00edtica monetaria flexible. La brecha de pol\u00edtica monetaria (tasas de inter\u00e9s) entre Jap\u00f3n y el resto de las econom\u00edas desarrolladas es cada vez mayor.<\/span><\/p>\n<p style=\"text-align: justify; background: white; margin: 18.0pt 0cm 0cm 0cm;\"><strong><span style=\"font-size: 12.5pt; font-family: 'Tahoma',sans-serif; color: #18191a;\">No solo el valor de esta divisa cae, sino arrastra a sus principales \u00cdndices como el Nikei y el Topix a la baja.<\/span><\/strong><\/p>\n<p style=\"text-align: justify; background: white; margin: 18.0pt 0cm 0cm 0cm;\"><span style=\"font-size: 12.5pt; font-family: 'Tahoma',sans-serif; color: #18191a;\">La din\u00e1mica del tipo de cambio es atribuible a la inacci\u00f3n del Banco Central de Jap\u00f3n frente a las expectativas de un mayor endurecimiento de la pol\u00edtica monetaria de Estados Unidos. La moneda nacional nipona ha ca\u00eddo\u00a0 20 % en lo que va de a\u00f1o.<\/span><\/p>\n<p style=\"text-align: justify; background: white; margin: 18.0pt 0cm 0cm 0cm;\"><span style=\"font-size: 12.5pt; font-family: 'Tahoma',sans-serif; color: #18191a;\">Si bien la depreciaci\u00f3n ha favorecido sus exportaciones, al ser una econom\u00eda importadora de energ\u00eda, materias primas y alimentos enfrenta problemas en sus costos que pueden producir una desaceleraci\u00f3n en su Econom\u00eda.<\/span><\/p>\n<p style=\"text-align: justify; background: white; margin: 18.0pt 0cm 0cm 0cm;\"><span style=\"font-size: 12.5pt; font-family: 'Tahoma',sans-serif; color: #18191a;\">Las autoridades est\u00e1n preocupadas por la acelerada depreciaci\u00f3n del Yen, al ser la tercera divisa mas usada en las transacciones internacionales, su inestabilidad no favorece su posici\u00f3n de activo de reserva.<\/span><\/p>\n<p style=\"text-align: justify; background: white; margin: 18.0pt 0cm 0cm 0cm;\"><span style=\"font-size: 12.5pt; font-family: 'Tahoma',sans-serif; color: #18191a;\">As\u00ed, es posible, que los altos niveles de endeudamiento que mantiene el Banco Central de Jap\u00f3n para apoyar su expansi\u00f3n monetaria, lejos de impulsar el consumo y la inversi\u00f3n, generen presiones de Balanza de Pagos y con ello, se vean obligados a dar un giro en su pol\u00edtica monetaria.<\/span><\/p>\n<p style=\"text-align: justify; background: white; margin: 18.0pt 0cm 0cm 0cm;\"><span style=\"font-size: 12.5pt; font-family: 'Tahoma',sans-serif; color: #18191a;\">Quienes han esperado la apreciaci\u00f3n del Yen en posiciones cortas en los mercados de derivados, pueden ver realizadas sus expectativas en el corto plazo.<\/span><\/p>\n","protected":false},"excerpt":{"rendered":"<p>Autor: Dr. Benjam\u00edn Garc\u00eda Mart\u00ednez El tipo de cambio del Yen frente al USD ha ca\u00eddo este jueves (01\/09\/2022) un 0.5 %, cotizando a 139.68 por un d\u00f3lar estadounidense en el mercado de divisas de Tokio y marcando un m\u00ednimo desde 1998. A partir del incremento de las tasas de inter\u00e9s en EU, en su [&hellip;]<\/p>\n","protected":false},"author":5,"featured_media":1509,"comment_status":"open","ping_status":"open","sticky":false,"template":"","format":"standard","meta":{"spay_email":"","jetpack_publicize_message":"","jetpack_is_tweetstorm":false},"categories":[8],"tags":[],"jetpack_featured_media_url":"https:\/\/www.blog.business-and-growth.com\/wp-content\/uploads\/2022\/09\/Analisiseconomico.png","jetpack_publicize_connections":[],"yoast_head":"<!-- This site is optimized with the Yoast SEO plugin v15.5 - https:\/\/yoast.com\/wordpress\/plugins\/seo\/ -->\n<title>\u00bfQu\u00e9 est\u00e1 detr\u00e1s de la depreciaci\u00f3n del Yen? \u00bfCu\u00e1les son sus posibles implicaciones? - Publicaciones B&amp;G<\/title>\n<meta name=\"description\" content=\"Producci\u00f3n de articulos y ensayos B&amp;G.\" \/>\n<meta name=\"robots\" content=\"index, follow, max-snippet:-1, max-image-preview:large, max-video-preview:-1\" \/>\n<link rel=\"canonical\" href=\"https:\/\/www.blog.business-and-growth.com\/index.php\/2022\/09\/01\/que-esta-detras-de-la-depreciacion-del-yen-cuales-son-sus-posibles-implicaciones\/\" \/>\n<meta property=\"og:locale\" content=\"es_ES\" \/>\n<meta property=\"og:type\" content=\"article\" \/>\n<meta property=\"og:title\" content=\"\u00bfQu\u00e9 est\u00e1 detr\u00e1s de la depreciaci\u00f3n del Yen? \u00bfCu\u00e1les son sus posibles implicaciones? - Publicaciones B&amp;G\" \/>\n<meta property=\"og:description\" content=\"Producci\u00f3n de articulos y ensayos B&amp;G.\" \/>\n<meta property=\"og:url\" content=\"https:\/\/www.blog.business-and-growth.com\/index.php\/2022\/09\/01\/que-esta-detras-de-la-depreciacion-del-yen-cuales-son-sus-posibles-implicaciones\/\" \/>\n<meta property=\"og:site_name\" content=\"Publicaciones B&amp;G\" \/>\n<meta property=\"article:author\" content=\"https:\/\/www.facebook.com\/BusinessGrowthSC\/\" \/>\n<meta property=\"article:published_time\" content=\"2022-09-01T18:44:53+00:00\" \/>\n<meta property=\"article:modified_time\" content=\"2022-09-01T21:00:37+00:00\" \/>\n<meta property=\"og:image\" content=\"https:\/\/www.blog.business-and-growth.com\/wp-content\/uploads\/2022\/09\/Analisiseconomico.png\" \/>\n\t<meta property=\"og:image:width\" content=\"1600\" \/>\n\t<meta property=\"og:image:height\" content=\"900\" \/>\n<meta name=\"twitter:card\" content=\"summary_large_image\" \/>\n<meta name=\"twitter:creator\" content=\"@https:\/\/twitter.com\/EducacionGrowth\" \/>\n<meta name=\"twitter:label1\" content=\"Est. reading time\">\n\t<meta name=\"twitter:data1\" content=\"1 minute\">\n<script type=\"application\/ld+json\" class=\"yoast-schema-graph\">{\"@context\":\"https:\/\/schema.org\",\"@graph\":[{\"@type\":\"Organization\",\"@id\":\"https:\/\/www.blog.business-and-growth.com\/#organization\",\"name\":\"Business & Growth\",\"url\":\"https:\/\/www.blog.business-and-growth.com\/\",\"sameAs\":[],\"logo\":{\"@type\":\"ImageObject\",\"@id\":\"https:\/\/www.blog.business-and-growth.com\/#logo\",\"inLanguage\":\"es-ES\",\"url\":\"https:\/\/www.blog.business-and-growth.com\/wp-content\/uploads\/2020\/02\/bg-1.png\",\"width\":512,\"height\":512,\"caption\":\"Business & Growth\"},\"image\":{\"@id\":\"https:\/\/www.blog.business-and-growth.com\/#logo\"}},{\"@type\":\"WebSite\",\"@id\":\"https:\/\/www.blog.business-and-growth.com\/#website\",\"url\":\"https:\/\/www.blog.business-and-growth.com\/\",\"name\":\"Publicaciones B&amp;G\",\"description\":\"Producci\\u00f3n de articulos y ensayos B&amp;G\",\"publisher\":{\"@id\":\"https:\/\/www.blog.business-and-growth.com\/#organization\"},\"potentialAction\":[{\"@type\":\"SearchAction\",\"target\":\"https:\/\/www.blog.business-and-growth.com\/?s={search_term_string}\",\"query-input\":\"required name=search_term_string\"}],\"inLanguage\":\"es-ES\"},{\"@type\":\"ImageObject\",\"@id\":\"https:\/\/www.blog.business-and-growth.com\/index.php\/2022\/09\/01\/que-esta-detras-de-la-depreciacion-del-yen-cuales-son-sus-posibles-implicaciones\/#primaryimage\",\"inLanguage\":\"es-ES\",\"url\":\"https:\/\/www.blog.business-and-growth.com\/wp-content\/uploads\/2022\/09\/Analisiseconomico.png\",\"width\":1600,\"height\":900,\"caption\":\"An\\u00e1lisis Econ\\u00f3mico\"},{\"@type\":\"WebPage\",\"@id\":\"https:\/\/www.blog.business-and-growth.com\/index.php\/2022\/09\/01\/que-esta-detras-de-la-depreciacion-del-yen-cuales-son-sus-posibles-implicaciones\/#webpage\",\"url\":\"https:\/\/www.blog.business-and-growth.com\/index.php\/2022\/09\/01\/que-esta-detras-de-la-depreciacion-del-yen-cuales-son-sus-posibles-implicaciones\/\",\"name\":\"\\u00bfQu\\u00e9 est\\u00e1 detr\\u00e1s de la depreciaci\\u00f3n del Yen? \\u00bfCu\\u00e1les son sus posibles implicaciones? - Publicaciones B&amp;G\",\"isPartOf\":{\"@id\":\"https:\/\/www.blog.business-and-growth.com\/#website\"},\"primaryImageOfPage\":{\"@id\":\"https:\/\/www.blog.business-and-growth.com\/index.php\/2022\/09\/01\/que-esta-detras-de-la-depreciacion-del-yen-cuales-son-sus-posibles-implicaciones\/#primaryimage\"},\"datePublished\":\"2022-09-01T18:44:53+00:00\",\"dateModified\":\"2022-09-01T21:00:37+00:00\",\"description\":\"Producci\\u00f3n de articulos y ensayos B&G.\",\"inLanguage\":\"es-ES\",\"potentialAction\":[{\"@type\":\"ReadAction\",\"target\":[\"https:\/\/www.blog.business-and-growth.com\/index.php\/2022\/09\/01\/que-esta-detras-de-la-depreciacion-del-yen-cuales-son-sus-posibles-implicaciones\/\"]}]},{\"@type\":\"Article\",\"@id\":\"https:\/\/www.blog.business-and-growth.com\/index.php\/2022\/09\/01\/que-esta-detras-de-la-depreciacion-del-yen-cuales-son-sus-posibles-implicaciones\/#article\",\"isPartOf\":{\"@id\":\"https:\/\/www.blog.business-and-growth.com\/index.php\/2022\/09\/01\/que-esta-detras-de-la-depreciacion-del-yen-cuales-son-sus-posibles-implicaciones\/#webpage\"},\"author\":{\"@id\":\"https:\/\/www.blog.business-and-growth.com\/#\/schema\/person\/ab52cff0de5518f691e0bc7d0f1d20a5\"},\"headline\":\"\\u00bfQu\\u00e9 est\\u00e1 detr\\u00e1s de la depreciaci\\u00f3n del Yen? \\u00bfCu\\u00e1les son sus posibles implicaciones?\",\"datePublished\":\"2022-09-01T18:44:53+00:00\",\"dateModified\":\"2022-09-01T21:00:37+00:00\",\"mainEntityOfPage\":{\"@id\":\"https:\/\/www.blog.business-and-growth.com\/index.php\/2022\/09\/01\/que-esta-detras-de-la-depreciacion-del-yen-cuales-son-sus-posibles-implicaciones\/#webpage\"},\"commentCount\":0,\"publisher\":{\"@id\":\"https:\/\/www.blog.business-and-growth.com\/#organization\"},\"image\":{\"@id\":\"https:\/\/www.blog.business-and-growth.com\/index.php\/2022\/09\/01\/que-esta-detras-de-la-depreciacion-del-yen-cuales-son-sus-posibles-implicaciones\/#primaryimage\"},\"articleSection\":\"Articulos\",\"inLanguage\":\"es-ES\",\"potentialAction\":[{\"@type\":\"CommentAction\",\"name\":\"Comment\",\"target\":[\"https:\/\/www.blog.business-and-growth.com\/index.php\/2022\/09\/01\/que-esta-detras-de-la-depreciacion-del-yen-cuales-son-sus-posibles-implicaciones\/#respond\"]}]},{\"@type\":\"Person\",\"@id\":\"https:\/\/www.blog.business-and-growth.com\/#\/schema\/person\/ab52cff0de5518f691e0bc7d0f1d20a5\",\"name\":\"Educaci\\u00f3n\",\"image\":{\"@type\":\"ImageObject\",\"@id\":\"https:\/\/www.blog.business-and-growth.com\/#personlogo\",\"inLanguage\":\"es-ES\",\"url\":\"https:\/\/secure.gravatar.com\/avatar\/26f6f16fbde9369ceffc687f8134c3dc?s=96&d=mm&r=g\",\"caption\":\"Educaci\\u00f3n\"},\"sameAs\":[\"https:\/\/www.facebook.com\/BusinessGrowthSC\/\",\"https:\/\/www.instagram.com\/bg_businessgrowth\/\",\"https:\/\/www.linkedin.com\/feed\/\",\"https:\/\/twitter.com\/https:\/\/twitter.com\/EducacionGrowth\",\"https:\/\/www.youtube.com\/channel\/UC5oxN2wNO3m3fTNtfQd6z6Q\"]}]}<\/script>\n<!-- \/ Yoast SEO plugin. -->","jetpack_sharing_enabled":true,"jetpack_likes_enabled":true,"_links":{"self":[{"href":"https:\/\/www.blog.business-and-growth.com\/index.php\/wp-json\/wp\/v2\/posts\/1508"}],"collection":[{"href":"https:\/\/www.blog.business-and-growth.com\/index.php\/wp-json\/wp\/v2\/posts"}],"about":[{"href":"https:\/\/www.blog.business-and-growth.com\/index.php\/wp-json\/wp\/v2\/types\/post"}],"author":[{"embeddable":true,"href":"https:\/\/www.blog.business-and-growth.com\/index.php\/wp-json\/wp\/v2\/users\/5"}],"replies":[{"embeddable":true,"href":"https:\/\/www.blog.business-and-growth.com\/index.php\/wp-json\/wp\/v2\/comments?post=1508"}],"version-history":[{"count":7,"href":"https:\/\/www.blog.business-and-growth.com\/index.php\/wp-json\/wp\/v2\/posts\/1508\/revisions"}],"predecessor-version":[{"id":1516,"href":"https:\/\/www.blog.business-and-growth.com\/index.php\/wp-json\/wp\/v2\/posts\/1508\/revisions\/1516"}],"wp:featuredmedia":[{"embeddable":true,"href":"https:\/\/www.blog.business-and-growth.com\/index.php\/wp-json\/wp\/v2\/media\/1509"}],"wp:attachment":[{"href":"https:\/\/www.blog.business-and-growth.com\/index.php\/wp-json\/wp\/v2\/media?parent=1508"}],"wp:term":[{"taxonomy":"category","embeddable":true,"href":"https:\/\/www.blog.business-and-growth.com\/index.php\/wp-json\/wp\/v2\/categories?post=1508"},{"taxonomy":"post_tag","embeddable":true,"href":"https:\/\/www.blog.business-and-growth.com\/index.php\/wp-json\/wp\/v2\/tags?post=1508"}],"curies":[{"name":"wp","href":"https:\/\/api.w.org\/{rel}","templated":true}]}}