{"id":1057,"date":"2020-11-18T19:32:44","date_gmt":"2020-11-19T00:32:44","guid":{"rendered":"https:\/\/www.blog.business-and-growth.com\/?p=1057"},"modified":"2020-12-18T20:03:54","modified_gmt":"2020-12-19T01:03:54","slug":"el-mercado-financiero-en-la-era-del-covid","status":"publish","type":"post","link":"https:\/\/www.blog.business-and-growth.com\/index.php\/2020\/11\/18\/el-mercado-financiero-en-la-era-del-covid\/","title":{"rendered":"El mercado financiero en la era del COVID"},"content":{"rendered":"<h2 style=\"text-align: justify;\"><em><span style=\"color: #0000ff;\">La crisis del COVID tiene tres dimensiones:<\/span><\/em><\/h2>\n<ul>\n<li><span style=\"color: #0000ff;\"><em>Una crisis de salud<\/em><\/span><\/li>\n<li><span style=\"color: #0000ff;\"><em>El paro en la actividad econ\u00f3mica para prevenir un mayor desastre de salud<\/em><\/span><\/li>\n<li><span style=\"color: #0000ff;\"><em>La disminuci\u00f3n en las operaciones en el sistema financiero<\/em><\/span><\/li>\n<\/ul>\n<p><img decoding=\"async\" loading=\"lazy\" class=\"alignnone size-thumbnail wp-image-439\" src=\"https:\/\/www.blog.business-and-growth.com\/wp-content\/uploads\/2020\/05\/4-150x150.png\" alt=\"\" width=\"150\" height=\"150\"><strong>Dr. Benjam\u00edn Garc\u00eda Mart\u00ednez&nbsp; <\/strong><em>18 Noviembre 2020<\/em><\/p>\n<p style=\"text-align: justify;\">La crisis de salud ha puesto de manifiesto la vulnerabilidad de los Sistemas de Salud, principalmente en las Econom\u00edas en desarrollo. No solo por su incapacidad en infraestructura, sino por los vicios y corruptelas a los que ha estado sometido durante tanto tiempo (como mucho otros sectores de la administraci\u00f3n p\u00fablica)<\/p>\n<p style=\"text-align: justify;\">El paro en la actividad econ\u00f3mica ha sido de grandes dimensiones, a marzo de 2020, se interrumpieron las cadenas globales afectando a los exportadores de commodities, principalmente al Petr\u00f3leo.<\/p>\n<p style=\"text-align: justify;\">As\u00ed mismo, la ca\u00edda de la oferta y el distanciamiento social, repercuten adicionalmente en la demanda afectando las industrias del turismo, recreaci\u00f3n, alimentos y manufactura (el home-office y el comercio online ayudaron a evitar una mayor ca\u00edda).<\/p>\n<p style=\"text-align: justify;\">Sin embargo, a diferencia de la crisis de 2008-2009, la contracci\u00f3n econ\u00f3mica actual es provocada por el repunte repentino en contagios de COVID-19.<\/p>\n<p style=\"text-align: justify;\">Hay que resaltar que al d\u00eda de hoy la participaci\u00f3n y el peso de los intermediarios financiaros no bancarios es mayor en el actual Sistema financiero, por consiguiente, los que se han visto m\u00e1s afectados son los ligados a los mercados de dinero y bonos, provocando problemas de liquidez.<\/p>\n<p style=\"text-align: justify;\">Es importante destacar que aun cuando en esta ocasi\u00f3n no es el sector bancario y financiero responsable de la crisis, la situaci\u00f3n provocada al sector financiero act\u00faa como un canal de transmisi\u00f3n adicional a la econom\u00eda real.<\/p>\n<p style=\"text-align: justify;\"><span style=\"color: #0000ff;\"><strong>Pol\u00edtica Fiscal y Monetaria<\/strong><\/span><\/p>\n<p style=\"text-align: justify;\">El colapso de la actividad econ\u00f3mica ha provocado una intervenci\u00f3n Monetaria y Fiscal en mayor tama\u00f1o y alcance que la realizada en la crisis 2008-2009, que ha tenido las siguientes caracter\u00edsticas.<\/p>\n<ul style=\"text-align: justify;\">\n<li>Los Bancos Centrales han intervenido con el fin de estabilizar los mercados financieros<\/li>\n<li>Se ha buscado preservar los flujos de cr\u00e9dito de las empresas y las familias<\/li>\n<li>Se ha incrementado la incertidumbre sobre el futuro de la actividad econ\u00f3mica<\/li>\n<\/ul>\n<p style=\"text-align: justify;\">A PESAR DE LA INTERVENCI\u00d3N DE LOS BANCOS CENTRALES, TRATANDO DE RESOLVER LOS PROBLEMAS DE LIQUIDEZ, ANTE LA NO RECUPERACI\u00d3N, APARECE LA AMENAZA DE CONVERTIRSE EN INSOLVENCIA<\/p>\n<p style=\"text-align: justify;\">Si la pandemia no cede, crece el riesgo de que las intervenciones fiscales, que han sido altas (de hasta el 10% del PIB en pr\u00e9stamos y garant\u00edas en algunos pa\u00edses), presionando a los Bancos Centrales a realizar mayores compras de activos poniendo en riesgo la estabilidad monetaria en el largo plazo.<\/p>\n<p style=\"text-align: justify;\">Pero, hay que considerar que esta situaci\u00f3n no es solo en la reciente crisis del COVID, ya desde la crisis del 2008-2009 las tasas de inter\u00e9s eran bajas y la recuperaci\u00f3n era muy lenta.<\/p>\n<p style=\"text-align: justify;\">Las intervenciones recientes mantienen tasas a\u00fan m\u00e1s bajas e incluso negativas creando una mayor vulnerabilidad al sistema financiero.<\/p>\n<p style=\"text-align: justify;\">Esta vulnerabilidad se puede resumir en mercados financieros sobrecargados acompa\u00f1ados de un alto apalancamiento no-bancario:<\/p>\n<ul style=\"text-align: justify;\">\n<li>Fondos de pensi\u00f3n y seguros de vida buscan inversiones m\u00e1s riesgosas para cumplir con sus compromisos<\/li>\n<li>Los inversionistas dispuestos a asumir m\u00e1s riesgos<\/li>\n<li>Los bancos centrales reducen su margen de maniobra<\/li>\n<li>Por la falta de recuperaci\u00f3n, la deuda empresarial enfrenta riesgo de incumplimiento<\/li>\n<li>Las tasas bajas acumulan deuda dirigida a financiar F&amp;A y otras operaciones en lugar de invertir<\/li>\n<li>Se toman riesgo y se valora poco el riesgo crediticio<\/li>\n<li>Se eleva el pr\u00e9stamo no bancario de corto plazo<\/li>\n<\/ul>\n<p style=\"text-align: justify;\"><img decoding=\"async\" loading=\"lazy\" class=\"aligncenter wp-image-1060\" src=\"https:\/\/www.blog.business-and-growth.com\/wp-content\/uploads\/2020\/11\/BULL.png\" alt=\"\" width=\"600\" height=\"221\" srcset=\"https:\/\/www.blog.business-and-growth.com\/wp-content\/uploads\/2020\/11\/BULL.png 410w, https:\/\/www.blog.business-and-growth.com\/wp-content\/uploads\/2020\/11\/BULL-300x110.png 300w, https:\/\/www.blog.business-and-growth.com\/wp-content\/uploads\/2020\/11\/BULL-100x37.png 100w, https:\/\/www.blog.business-and-growth.com\/wp-content\/uploads\/2020\/11\/BULL-275x101.png 275w\" sizes=\"(max-width: 600px) 100vw, 600px\" \/><\/p>\n<p style=\"text-align: justify;\">\n<p style=\"text-align: justify;\">La situaci\u00f3n actual lleva a que los Bancos Centrales cuentan con poco espacio en materia de pol\u00edtica monetaria para aplicar est\u00edmulos adicionales, pues las tasas son ya muy bajas.<\/p>\n<p style=\"text-align: justify;\"><span style=\"color: #0000ff;\"><strong>\u00bfQu\u00e9 ocurre en las llamadas econom\u00edas emergentes que no manejan monedas de reserva?<\/strong><\/span><\/p>\n<p style=\"text-align: justify;\">En los mercados emergentes se articula de manera diferente las posibilidades de intervenci\u00f3n:<\/p>\n<ul style=\"text-align: justify;\">\n<li>Ca\u00edda de la actividad econ\u00f3mica dom\u00e9stica<\/li>\n<li>Disminuci\u00f3n en los flujos de capitales<\/li>\n<li>Ca\u00edda en las exportaciones de commodities<\/li>\n<li>Fuertes limitaciones en la pol\u00edtica fiscal<\/li>\n<li>Sectores de la econom\u00eda en la informalidad<\/li>\n<\/ul>\n<p style=\"text-align: justify;\">\n<p style=\"text-align: justify;\">A diferencia de los pa\u00edses desarrollados, las EME tiene m\u00e1s margen en recortar sus tasas de inter\u00e9s, pero desgraciadamente su pol\u00edtica es m\u00e1s una pol\u00edtica acomodaticia, en funci\u00f3n del comportamiento de las tasas cero o negativas del mundo<\/p>\n<p style=\"text-align: justify;\">Un d\u00f3lar d\u00e9bil y pol\u00edticas monetarias expansivas a trav\u00e9s de compras de activos para apoyar los programas fiscales en los pa\u00edses desarrollados, han permitido a las EME bajar sus tasas de inter\u00e9s, sin fuertes expansiones monetarias, pero, enfrentando poco margen en sus pol\u00edticas fiscales.<\/p>\n<p style=\"text-align: justify;\">Esta situaci\u00f3n ha cambiado la configuraci\u00f3n del mercado cambiario llevando, incluso a que, aun con tasas de inter\u00e9s mayores a las tasas de las principales divisas, se produzca una apreciaci\u00f3n de sus monedas, ante la presencia de tasas cero o negativas en el mundo desarrollado asociadas a una fuerte expansi\u00f3n monetaria.<\/p>\n<p style=\"text-align: justify;\"><span style=\"color: #0000ff;\"><strong>Los Mercados Financieros<\/strong><\/span><\/p>\n<p style=\"text-align: justify;\">La intervenci\u00f3n de los Bancos Centrales ante la expansi\u00f3n de virus para elevar la confianza en los mercados financieros ha permitido que los precios de las Acciones se recuperen, mostrando que, aparentemente la econom\u00eda real y el mercado financiero no est\u00e9n acoplados<\/p>\n<p style=\"text-align: justify;\">El mercado global de capitales presenta valuaciones sobrecargadas en algunos sectores, incrementando el riesgo y, alimentando la expectativa que a futuro se produzca un ajuste en los precios y la subsecuente b\u00fasqueda de activos de refugio.<\/p>\n<p style=\"text-align: justify;\">La posici\u00f3n del d\u00f3lar y la fuerte expansi\u00f3n monetaria y tasas cero o negativas genera m\u00e1s incertidumbre sobre el d\u00f3lar y de que pueda considerarse, como antes, un activo de refugio.<\/p>\n<p style=\"text-align: justify;\">Diversos estudios sobre los efectos de la pandemia y el alto forzoso a la Actividad econ\u00f3mica en los mercados financieros, asumen que la pandemia ha llevado a una declinaci\u00f3n de los mercados financieros e incremento de riesgo. Asumen entonces, que la alta intervenci\u00f3n de los gobiernos con programas de apoyo los lleva a proyectar una recuperaci\u00f3n acelerada en el mercado de Stocks en un primer momento y que posteriormente se trasmitir\u00e1 a la actividad real.<\/p>\n<p style=\"text-align: justify;\">Sin embargo, hay quienes proponen que el incremento de la incertidumbre, m\u00e1s bien, dificultar\u00e1 la recuperaci\u00f3n econ\u00f3mica.<\/p>\n<p style=\"text-align: justify;\">Por otro lado, se observa que, a partir de la ca\u00edda en los mercados en marzo, a finales de abril, se produce un incremento en las operaciones de trading a trav\u00e9s de los brokers de menudeo (Retail).<\/p>\n<p style=\"text-align: justify;\">Se ha observado un incremento en las cuentas y el volumen de operaci\u00f3n dirigidos principalmente al mercado global de capitales, ampli\u00e1ndose el uso de ventas en corto, anticipando la ca\u00edda de algunos sectores y el repunte de otros.<\/p>\n<p style=\"text-align: justify;\"><strong>&nbsp;<\/strong><\/p>\n<p style=\"text-align: justify;\"><span style=\"color: #0000ff;\"><strong>La Industria Financiera<\/strong><\/span><\/p>\n<p style=\"text-align: justify;\">El desarrollo de la tecnolog\u00eda y telecomunicaciones favorece, en medio de esta pandemia, la apertura de cuentas para operar instrumentos financieros que permiten operaciones apalancadas y ventas en corto como los CFD\u2019s.<\/p>\n<p style=\"text-align: justify;\">Algunos estudios muestran:<\/p>\n<ul style=\"text-align: justify;\">\n<li>Aumento en las actividades de trading a medida que se desarrolla la pandemia<\/li>\n<li>Se incrementaron los dep\u00f3sitos con Brokers y se abrieron nuevas cuentas<\/li>\n<li>En el caso de algunos Brokers, el promedio de trading se increment\u00f3 hasta un 13.9% semanal en algunos casos<\/li>\n<li>Se dirige principalmente a Acciones e \u00cdndices<\/li>\n<li>Aumentan operaciones en corto en sectores que se espera contin\u00faan a la baja y largas en sectores ligados a tecnolog\u00eda<\/li>\n<\/ul>\n<p style=\"text-align: justify;\">\n<p style=\"text-align: justify;\">EN CONSECUENCIA, OBSERVAMOS UNA RECOMPOSICI\u00d3N EN LA ACTIVIDAD ECON\u00d3MICA Y DEL SECTOR FINANCIERO ORIENTADA EN GRAN MEDIDA AL MERCADO BURSATIL (INDUSTRIA FINANCIERA)<\/p>\n<p style=\"text-align: justify;\">El mercado global de capitales vale m\u00e1s que el PIB mundial mostrando dos fen\u00f3menos importantes, en conclusi\u00f3n podemos observar:<\/p>\n<ul style=\"text-align: justify;\">\n<li>Valuaciones sobrecargadas<\/li>\n<li>Crecimiento de los niveles de endeudamiento, apuntalados en las intervenciones monetarias y fiscales<\/li>\n<li>Incremento en la toma de riesgo ante la alta vulnerabilidad del Sistema Financiero<\/li>\n<li>Apalancamiento no bancario<\/li>\n<li>Ante la no recuperaci\u00f3n de la actividad econ\u00f3mica, los problemas de liquidez pueden llevar a la insolvencia<\/li>\n<\/ul>\n<p style=\"text-align: justify;\"><img decoding=\"async\" loading=\"lazy\" class=\"aligncenter wp-image-1061 size-full\" src=\"https:\/\/www.blog.business-and-growth.com\/wp-content\/uploads\/2020\/11\/CIDPYME.png\" alt=\"\" width=\"805\" height=\"674\" srcset=\"https:\/\/www.blog.business-and-growth.com\/wp-content\/uploads\/2020\/11\/CIDPYME.png 805w, https:\/\/www.blog.business-and-growth.com\/wp-content\/uploads\/2020\/11\/CIDPYME-300x251.png 300w, https:\/\/www.blog.business-and-growth.com\/wp-content\/uploads\/2020\/11\/CIDPYME-768x643.png 768w, https:\/\/www.blog.business-and-growth.com\/wp-content\/uploads\/2020\/11\/CIDPYME-700x586.png 700w, https:\/\/www.blog.business-and-growth.com\/wp-content\/uploads\/2020\/11\/CIDPYME-410x343.png 410w, https:\/\/www.blog.business-and-growth.com\/wp-content\/uploads\/2020\/11\/CIDPYME-100x84.png 100w, https:\/\/www.blog.business-and-growth.com\/wp-content\/uploads\/2020\/11\/CIDPYME-275x230.png 275w\" sizes=\"(max-width: 805px) 100vw, 805px\" \/><\/p>\n<p style=\"text-align: justify;\">A septiembre de 2020 $<strong>80 trillion<\/strong>&nbsp;es el valor del mercado global de Acciones.<\/p>\n<p style=\"text-align: justify;\">En 10 a\u00f1os no solo es m\u00e1s del doble, sino tambi\u00e9n el m\u00e1s grande en la historia de Estados Unidos. Los inversionistas fueron testigos de algunas subidas de precios sorprendentes durante este tiempo.<\/p>\n<p style=\"text-align: justify;\">Rendimientos r\u00e9cord y las altas ganancias corporativas son la raz\u00f3n de esto. Vienen principalmente de la industria tecnol\u00f3gica en constante crecimiento. Apple, Amazon y Google se han unido a Microsoft como las corporaciones m\u00e1s valiosas a nivel mundial, ayudando al mercado a cuadriplicar su capitalizaci\u00f3n desde la crisis financiera. Son las cifras clave que contribuyen al asombroso valor total del mercado de valores estadounidense.<\/p>\n<p style=\"text-align: justify;\">Por su parte, los niveles de deuda global aumentaron en el primer trimestre de 2019, superando a la econom\u00eda mundial y acerc\u00e1ndose al r\u00e9cord del a\u00f1o pasado, como lo se\u00f1ala el Instituto de Finanzas Internacionales.<\/p>\n<p style=\"text-align: justify;\">La deuda aument\u00f3 en $3 trillones en el per\u00edodo para alcanzar un valor de $246.5 trillones, casi el 320% de la producci\u00f3n econ\u00f3mica mundial. Los nuevos pr\u00e9stamos del gobierno federal de los EE.UU. y de las empresas no financieras mundiales lideraron el aumento.<\/p>\n<p style=\"text-align: justify;\">Las condiciones recesivas impulsadas por la pandemia empujaron la relaci\u00f3n deuda \/ PIB mundial a un nuevo r\u00e9cord del 331% del PIB ($ 258 trillones) en el primer trimestre, frente al 320% en el cuarto trimestre de 2019. La deuda en los mercados maduros alcanz\u00f3 el 392% del PIB (frente al 380% en 2019). Canad\u00e1, Francia y Noruega registraron los mayores aumentos. La deuda de los mercados emergentes aument\u00f3 a m\u00e1s del 230% del PIB en el primer trimestre de 2020 (frente al 220% en 2019), impulsada en gran medida por las empresas no financieras en China.<\/p>\n<p style=\"text-align: justify;\">La emisi\u00f3n global de deuda sostenible super\u00f3 los $ 270 billones durante los primeros siete meses de 2020, un 5% m\u00e1s que en 2019. El universo de deuda sostenible ahora ha superado los $ 1,5 trillones por primera vez: 80% en EUR, USD y CNY<\/p>\n<p style=\"text-align: justify;\">&nbsp;Vale la pena reflexionar sobre las siguientes palabras:<\/p>\n<p style=\"text-align: justify;\"><span style=\"color: #0000ff;\"><em><strong>\u201cEstamos viendo un superciclo especulativo que es un corolario del superciclo de la deuda en el que la deuda aumenta cada vez m\u00e1s. Esto, a su vez, hace que la riqueza real y financiera colectiva del mundo aumente cada vez m\u00e1s. Para hacerlo, las tasas de inter\u00e9s tienen que bajar cada vez m\u00e1s. Una vez que tenga m\u00e1s deuda, solo puede mantenerla con tasas m\u00e1s bajas, ya que desea mantener el \u00edndice de servicio de la deuda al mismo nivel. La deuda de una persona son los activos de otra, por lo que la deuda es parte de la burbuja de riqueza general.\u201d<\/strong><\/em><\/span><\/p>\n<p style=\"text-align: justify;\"><span style=\"color: #0000ff;\"><em><strong>&nbsp;Edward Chancellor<\/strong><\/em><\/span><\/p>\n","protected":false},"excerpt":{"rendered":"<p>La crisis del COVID tiene tres dimensiones: Una crisis de salud El paro en la actividad econ\u00f3mica para prevenir un mayor desastre de salud La disminuci\u00f3n en las operaciones en el sistema financiero Dr. Benjam\u00edn Garc\u00eda Mart\u00ednez&nbsp; 18 Noviembre 2020 La crisis de salud ha puesto de manifiesto la vulnerabilidad de los Sistemas de Salud, [&hellip;]<\/p>\n","protected":false},"author":2,"featured_media":1131,"comment_status":"open","ping_status":"open","sticky":false,"template":"","format":"standard","meta":{"spay_email":"","jetpack_publicize_message":"","jetpack_is_tweetstorm":false},"categories":[8],"tags":[],"jetpack_featured_media_url":"https:\/\/www.blog.business-and-growth.com\/wp-content\/uploads\/2020\/11\/coronavirus-4937121_1920.jpg","jetpack_publicize_connections":[],"yoast_head":"<!-- This site is optimized with the Yoast SEO plugin v15.5 - https:\/\/yoast.com\/wordpress\/plugins\/seo\/ -->\n<title>El mercado financiero en la era del COVID - Publicaciones B&amp;G<\/title>\n<meta name=\"description\" content=\"Producci\u00f3n de articulos y ensayos B&amp;G.\" \/>\n<meta name=\"robots\" content=\"index, follow, max-snippet:-1, max-image-preview:large, max-video-preview:-1\" \/>\n<link rel=\"canonical\" href=\"https:\/\/www.blog.business-and-growth.com\/index.php\/2020\/11\/18\/el-mercado-financiero-en-la-era-del-covid\/\" \/>\n<meta property=\"og:locale\" content=\"es_ES\" \/>\n<meta property=\"og:type\" content=\"article\" \/>\n<meta property=\"og:title\" content=\"El mercado financiero en la era del COVID - Publicaciones B&amp;G\" \/>\n<meta property=\"og:description\" content=\"Producci\u00f3n de articulos y ensayos B&amp;G.\" \/>\n<meta property=\"og:url\" content=\"https:\/\/www.blog.business-and-growth.com\/index.php\/2020\/11\/18\/el-mercado-financiero-en-la-era-del-covid\/\" \/>\n<meta property=\"og:site_name\" content=\"Publicaciones B&amp;G\" \/>\n<meta property=\"article:published_time\" content=\"2020-11-19T00:32:44+00:00\" \/>\n<meta property=\"article:modified_time\" content=\"2020-12-19T01:03:54+00:00\" \/>\n<meta property=\"og:image\" content=\"https:\/\/www.blog.business-and-growth.com\/wp-content\/uploads\/2020\/11\/coronavirus-4937121_1920.jpg\" \/>\n\t<meta property=\"og:image:width\" content=\"1920\" \/>\n\t<meta property=\"og:image:height\" content=\"1280\" \/>\n<meta name=\"twitter:card\" content=\"summary_large_image\" \/>\n<meta name=\"twitter:label1\" content=\"Est. reading time\">\n\t<meta name=\"twitter:data1\" content=\"7 minutes\">\n<script type=\"application\/ld+json\" class=\"yoast-schema-graph\">{\"@context\":\"https:\/\/schema.org\",\"@graph\":[{\"@type\":\"Organization\",\"@id\":\"https:\/\/www.blog.business-and-growth.com\/#organization\",\"name\":\"Business & Growth\",\"url\":\"https:\/\/www.blog.business-and-growth.com\/\",\"sameAs\":[],\"logo\":{\"@type\":\"ImageObject\",\"@id\":\"https:\/\/www.blog.business-and-growth.com\/#logo\",\"inLanguage\":\"es-ES\",\"url\":\"https:\/\/www.blog.business-and-growth.com\/wp-content\/uploads\/2020\/02\/bg-1.png\",\"width\":512,\"height\":512,\"caption\":\"Business & Growth\"},\"image\":{\"@id\":\"https:\/\/www.blog.business-and-growth.com\/#logo\"}},{\"@type\":\"WebSite\",\"@id\":\"https:\/\/www.blog.business-and-growth.com\/#website\",\"url\":\"https:\/\/www.blog.business-and-growth.com\/\",\"name\":\"Publicaciones B&amp;G\",\"description\":\"Producci\\u00f3n de articulos y ensayos B&amp;G\",\"publisher\":{\"@id\":\"https:\/\/www.blog.business-and-growth.com\/#organization\"},\"potentialAction\":[{\"@type\":\"SearchAction\",\"target\":\"https:\/\/www.blog.business-and-growth.com\/?s={search_term_string}\",\"query-input\":\"required name=search_term_string\"}],\"inLanguage\":\"es-ES\"},{\"@type\":\"ImageObject\",\"@id\":\"https:\/\/www.blog.business-and-growth.com\/index.php\/2020\/11\/18\/el-mercado-financiero-en-la-era-del-covid\/#primaryimage\",\"inLanguage\":\"es-ES\",\"url\":\"https:\/\/www.blog.business-and-growth.com\/wp-content\/uploads\/2020\/11\/coronavirus-4937121_1920.jpg\",\"width\":1920,\"height\":1280},{\"@type\":\"WebPage\",\"@id\":\"https:\/\/www.blog.business-and-growth.com\/index.php\/2020\/11\/18\/el-mercado-financiero-en-la-era-del-covid\/#webpage\",\"url\":\"https:\/\/www.blog.business-and-growth.com\/index.php\/2020\/11\/18\/el-mercado-financiero-en-la-era-del-covid\/\",\"name\":\"El mercado financiero en la era del COVID - Publicaciones B&amp;G\",\"isPartOf\":{\"@id\":\"https:\/\/www.blog.business-and-growth.com\/#website\"},\"primaryImageOfPage\":{\"@id\":\"https:\/\/www.blog.business-and-growth.com\/index.php\/2020\/11\/18\/el-mercado-financiero-en-la-era-del-covid\/#primaryimage\"},\"datePublished\":\"2020-11-19T00:32:44+00:00\",\"dateModified\":\"2020-12-19T01:03:54+00:00\",\"description\":\"Producci\\u00f3n de articulos y ensayos B&G.\",\"inLanguage\":\"es-ES\",\"potentialAction\":[{\"@type\":\"ReadAction\",\"target\":[\"https:\/\/www.blog.business-and-growth.com\/index.php\/2020\/11\/18\/el-mercado-financiero-en-la-era-del-covid\/\"]}]},{\"@type\":\"Article\",\"@id\":\"https:\/\/www.blog.business-and-growth.com\/index.php\/2020\/11\/18\/el-mercado-financiero-en-la-era-del-covid\/#article\",\"isPartOf\":{\"@id\":\"https:\/\/www.blog.business-and-growth.com\/index.php\/2020\/11\/18\/el-mercado-financiero-en-la-era-del-covid\/#webpage\"},\"author\":{\"@id\":\"https:\/\/www.blog.business-and-growth.com\/#\/schema\/person\/d3f5946ae5cd1e4f7e3ae1f140522d06\"},\"headline\":\"El mercado financiero en la era del COVID\",\"datePublished\":\"2020-11-19T00:32:44+00:00\",\"dateModified\":\"2020-12-19T01:03:54+00:00\",\"mainEntityOfPage\":{\"@id\":\"https:\/\/www.blog.business-and-growth.com\/index.php\/2020\/11\/18\/el-mercado-financiero-en-la-era-del-covid\/#webpage\"},\"commentCount\":0,\"publisher\":{\"@id\":\"https:\/\/www.blog.business-and-growth.com\/#organization\"},\"image\":{\"@id\":\"https:\/\/www.blog.business-and-growth.com\/index.php\/2020\/11\/18\/el-mercado-financiero-en-la-era-del-covid\/#primaryimage\"},\"articleSection\":\"Articulos\",\"inLanguage\":\"es-ES\",\"potentialAction\":[{\"@type\":\"CommentAction\",\"name\":\"Comment\",\"target\":[\"https:\/\/www.blog.business-and-growth.com\/index.php\/2020\/11\/18\/el-mercado-financiero-en-la-era-del-covid\/#respond\"]}]},{\"@type\":\"Person\",\"@id\":\"https:\/\/www.blog.business-and-growth.com\/#\/schema\/person\/d3f5946ae5cd1e4f7e3ae1f140522d06\",\"name\":\"Roberto Ort\\u00edz\",\"image\":{\"@type\":\"ImageObject\",\"@id\":\"https:\/\/www.blog.business-and-growth.com\/#personlogo\",\"inLanguage\":\"es-ES\",\"url\":\"https:\/\/secure.gravatar.com\/avatar\/3a23916a40edfc78329439197bcd386c?s=96&d=mm&r=g\",\"caption\":\"Roberto Ort\\u00edz\"}}]}<\/script>\n<!-- \/ Yoast SEO plugin. -->","jetpack_sharing_enabled":true,"jetpack_likes_enabled":true,"_links":{"self":[{"href":"https:\/\/www.blog.business-and-growth.com\/index.php\/wp-json\/wp\/v2\/posts\/1057"}],"collection":[{"href":"https:\/\/www.blog.business-and-growth.com\/index.php\/wp-json\/wp\/v2\/posts"}],"about":[{"href":"https:\/\/www.blog.business-and-growth.com\/index.php\/wp-json\/wp\/v2\/types\/post"}],"author":[{"embeddable":true,"href":"https:\/\/www.blog.business-and-growth.com\/index.php\/wp-json\/wp\/v2\/users\/2"}],"replies":[{"embeddable":true,"href":"https:\/\/www.blog.business-and-growth.com\/index.php\/wp-json\/wp\/v2\/comments?post=1057"}],"version-history":[{"count":2,"href":"https:\/\/www.blog.business-and-growth.com\/index.php\/wp-json\/wp\/v2\/posts\/1057\/revisions"}],"predecessor-version":[{"id":1063,"href":"https:\/\/www.blog.business-and-growth.com\/index.php\/wp-json\/wp\/v2\/posts\/1057\/revisions\/1063"}],"wp:featuredmedia":[{"embeddable":true,"href":"https:\/\/www.blog.business-and-growth.com\/index.php\/wp-json\/wp\/v2\/media\/1131"}],"wp:attachment":[{"href":"https:\/\/www.blog.business-and-growth.com\/index.php\/wp-json\/wp\/v2\/media?parent=1057"}],"wp:term":[{"taxonomy":"category","embeddable":true,"href":"https:\/\/www.blog.business-and-growth.com\/index.php\/wp-json\/wp\/v2\/categories?post=1057"},{"taxonomy":"post_tag","embeddable":true,"href":"https:\/\/www.blog.business-and-growth.com\/index.php\/wp-json\/wp\/v2\/tags?post=1057"}],"curies":[{"name":"wp","href":"https:\/\/api.w.org\/{rel}","templated":true}]}}